{"id":443185,"date":"2025-10-06T15:55:12","date_gmt":"2025-10-06T15:55:12","guid":{"rendered":"https:\/\/www.europesays.com\/fr\/443185\/"},"modified":"2025-10-06T15:55:12","modified_gmt":"2025-10-06T15:55:12","slug":"marini-et-fernandez-saccusent-mutuellement-apres-leur-contact","status":"publish","type":"post","link":"https:\/\/www.europesays.com\/fr\/443185\/","title":{"rendered":"Marini et Fern\u00e1ndez s&rsquo;accusent mutuellement apr\u00e8s leur contact"},"content":{"rendered":"<p>Un contact entre <a href=\"https:\/\/fr.motorsport.com\/driver\/luca-marini\/201098\/\" target=\"_blank\" rel=\"noopener\">Luca Marini<\/a> et <a href=\"https:\/\/fr.motorsport.com\/driver\/raul-fernandez\/443094\/\" target=\"_blank\" rel=\"noopener\">Ra\u00fal Fern\u00e1ndez<\/a> \u00e0 mi-course, dimanche en Indon\u00e9sie, a passablement agac\u00e9 les deux protagonistes. Ils \u00e9taient alors en lutte pour le podium, cherchant tous deux \u00e0 trouver l&rsquo;ouverture sur <a href=\"https:\/\/fr.motorsport.com\/driver\/pedro-acosta\/840236\/\" target=\"_blank\" rel=\"noopener\">Pedro Acosta<\/a>, deuxi\u00e8me juste devant eux, pour sortir du faux-rythme que celui-ci avait instaur\u00e9.<\/p>\n<p>C&rsquo;est l\u00e0, dans l&rsquo;avant-dernier virage de la piste, que Fern\u00e1ndez a sembl\u00e9 r\u00e9ussir \u00e0 d\u00e9passer Marini en profitant du fait que le pilote Honda prenait le virage assez large. Celui-ci a cependant recrois\u00e9, pour ressortir du virage devant l&rsquo;Aprilia, mais en basculant sur la gauche pour prendre le virage suivant, il a trouv\u00e9 Fern\u00e1ndez sur sa route et tous deux se sont touch\u00e9s.<\/p>\n<p>Cela leur a co\u00fbt\u00e9 cher puisqu&rsquo;<a href=\"https:\/\/fr.motorsport.com\/driver\/alex-rins\/109402\/\" target=\"_blank\" rel=\"noopener\">\u00c1lex Rins<\/a> et <a href=\"https:\/\/fr.motorsport.com\/driver\/alex-marquez\/96324\/\" target=\"_blank\" rel=\"noopener\">\u00c1lex M\u00e1rquez<\/a> se sont faufil\u00e9s. Puis Luca Marini s&rsquo;est manqu\u00e9 dans la foul\u00e9e et a laiss\u00e9 passer deux autres adversaires, ce qui l&rsquo;a fait reculer \u00e0 la huiti\u00e8me place en quelques instants.\u00a0Ra\u00fal Fern\u00e1ndez, lui, a r\u00e9ussi \u00e0 garder la cinqui\u00e8me place apr\u00e8s cet incident.<\/p>\n<p>Lire aussi :<\/p>\n<p>D\u00e9\u00e7u d&rsquo;avoir manqu\u00e9 le podium, le pilote Trackhouse Racing a estim\u00e9 qu&rsquo;il le devait en grande partie \u00e0 ce contact. \u00ab\u00a0Peut-\u00eatre qu&rsquo;un des moments d\u00e9cisifs de la course a \u00e9t\u00e9 quand j&rsquo;ai eu un contact avec Luca. Je l&rsquo;ai pass\u00e9 au virage 16, je l&rsquo;ai fait tr\u00e8s proprement, puis j&rsquo;ai bien arr\u00eat\u00e9 la moto. Quand il m&rsquo;a vu, il a essay\u00e9 de refermer la trajectoire plus fort\u00a0\u00bb, a relat\u00e9 l&rsquo;Espagnol.<\/p>\n<p>\u00ab\u00a0Et \u00e0 ce moment-l\u00e0, il a fait quelque chose qui, pour moi, n&rsquo;est peut-\u00eatre pas super, super intelligent. C&rsquo;est quelque chose qui peut se faire, mais pour moi, ce qu&rsquo;il a fait n&rsquo;\u00e9tait pas une man\u0153uvre intelligente. Parce qu&rsquo;au moment o\u00f9 il a vu que j&rsquo;\u00e9tais dans la m\u00eame position que lui, il a chang\u00e9 de trajectoire pour placer sa moto \u00e0 l&rsquo;int\u00e9rieur. Et j&rsquo;en suis vraiment d\u00e9sol\u00e9, mais \u00e0 ce moment-l\u00e0, je n&rsquo;avais pas la moto pr\u00eate pour prendre le dernier virage et je l&rsquo;ai touch\u00e9.\u00a0\u00bb<\/p>\n<p>Lorsque ces propos lui ont \u00e9t\u00e9 rapport\u00e9s, Luca Marini s&rsquo;est dit surpris d&rsquo;une telle lecture des \u00e9v\u00e9nements. \u00ab\u00a0OK, il n&rsquo;est pas content, mais il m&rsquo;a compl\u00e8tement pouss\u00e9 dehors. Je ne sais pas ce qu&rsquo;il veut qu&rsquo;un autre pilote fasse pendant la course\u00a0:\u00a0le laisser passer\u00a0?\u00a0Je ne sais pas. C&rsquo;est un peu \u00e9trange qu&rsquo;il soit en col\u00e8re parce qu&rsquo;il n&rsquo;a perdu qu&rsquo;une place, moi j&rsquo;en ai perdu cinq donc c&rsquo;est moi qui devrais \u00eatre en col\u00e8re\u00a0\u00bb, a fait remarquer le pilote Honda.<\/p>\n<p>   <img decoding=\"async\" draggable=\"false\" src=\"https:\/\/www.europesays.com\/fr\/wp-content\/uploads\/2025\/10\/1759766112_266_pedro-acosta-red-bull-ktm-fact.jpg\" alt=\"Luca Marini et Ra\u00fal Fern\u00e1ndez ont longtemps cherch\u00e9 \u00e0 attaquer Pedro Acosta.\" width=\"1200\" height=\"800\" loading=\"lazy\"\/> <\/p>\n<p class=\"title\">Luca Marini et Ra\u00fal Fern\u00e1ndez ont longtemps cherch\u00e9 \u00e0 attaquer Pedro Acosta.<\/p>\n<p class=\"photographer\">Photo de : Gold and Goose Photography \/ LAT Images \/ via Getty Images<\/p>\n<p>Marini juge que Fern\u00e1ndez a manqu\u00e9 de clairvoyance dans son attaque, alors que tous deux avaient la vitesse pour prendre l&rsquo;avantage sur Acosta et viser un tr\u00e8s bon r\u00e9sultat\u00a0:\u00a0\u00ab\u00a0Je pense que Ra\u00fal n&rsquo;a pas \u00e9t\u00e9 intelligent parce qu&rsquo;en dehors de Bezzecchi et de Ferm\u00edn [Aldeguer], lui et moi avions le meilleur rythme de tous et on aurait facilement pu monter sur le podium, tous les deux ensemble.\u00a0\u00bb<\/p>\n<p>\u00ab\u00a0\u00c7a aurait \u00e9t\u00e9 un r\u00e9sultat formidable pour Honda et aussi pour Aprilia et pour son \u00e9quipe. Donc c&rsquo;est dommage que des gens qui travaillent si dur ne puissent pas faire la f\u00eate ce soir\u00a0\u00bb, regrettait-il dimanche apr\u00e8s-midi.\u00a0\u00ab\u00a0Je pense qu&rsquo;il a vu que j&rsquo;essayais de d\u00e9passer Pedro \u00e0 deux ou trois endroits \u00e0 chaque tour, et que \u00e7a n&rsquo;\u00e9tait qu&rsquo;une question de temps.\u00a0\u00bb<\/p>\n<p>\u00a0<\/p>\n<p>\u00ab\u00a0\u00c7a n&rsquo;a pas \u00e9t\u00e9 une attaque formidable de la part de Ra\u00fal. J&rsquo;ai referm\u00e9 ma trajectoire parce que je savais qu&rsquo;il \u00e9tait l\u00e0, donc je voulais rester devant pour r\u00e9essayer d&rsquo;attaquer Pedro. Je savais qu&rsquo;il \u00e9tait tr\u00e8s rapide. \u00c7a n&rsquo;\u00e9tait qu&rsquo;une question de temps avant que je finalise mon d\u00e9passement sur Pedro. C&rsquo;est tout simplement dommage pour toutes les personnes qui travaillent pour nous, \u00e0 la fois pour moi et pour Aprilia.\u00a0\u00bb<\/p>\n<p>\u00ab\u00a0J&rsquo;ai perdu beaucoup de places avec cette man\u0153uvre, et c&rsquo;est dommage. J&rsquo;\u00e9tais compl\u00e8tement devant alors de mon point de vue, j&rsquo;ai totalement raison\u00a0\u00bb, a ajout\u00e9 Marini au site officiel du MotoGP. Et il a beau s&rsquo;estimer l\u00e9s\u00e9, il consid\u00e8re que Ra\u00fal Fern\u00e1ndez ne m\u00e9ritait pas de sanction\u00a0:\u00a0\u00ab\u00a0\u00c7a fait de toute fa\u00e7on partie de la course, donc on ne peut pas trop se plaindre. C&rsquo;est correct aussi qu&rsquo;il n&rsquo;ait pas \u00e9t\u00e9 p\u00e9nalis\u00e9, parce que, pour moi, c&rsquo;\u00e9tait juste un contact de course.\u00a0\u00bb<\/p>\n<p>\u00ab\u00a0C&rsquo;est juste que, de mon point de vue, \u00e7a n&rsquo;\u00e9tait pas malin. Il a vu que j&rsquo;\u00e9tais en train d&rsquo;attaquer Pedro \u00e0 chaque tour, j&rsquo;essayais de le d\u00e9passer pour ensuite pousser un peu plus fort et augmenter un peu le rythme de course. Pedro \u00e9tait vraiment lent, mais il faisait sa propre course, avec une strat\u00e9gie parfaite, celle de bloquer tout le monde.\u00a0\u00bb<\/p>\n<p>En reculant \u00e0 la huiti\u00e8me place, Luca Marini a chang\u00e9 de strat\u00e9gie pour \u00e9conomiser ses pneus. Il en a \u00e9t\u00e9 r\u00e9compens\u00e9 puisqu&rsquo;il a r\u00e9ussi \u00e0 remonter dans les derniers tours, d\u00e9passant au passage Ra\u00fal Fern\u00e1ndez pour lui prendre la cinqui\u00e8me position, mais avec le sentiment qu&rsquo;un podium a \u00e9t\u00e9 g\u00e2ch\u00e9 pour tous les deux.<\/p>\n<p>Lire aussi :<\/p>\n<\/p>\n<p>            Votre avis nous int\u00e9resse !<\/p>\n<p class=\"mt-auto\">Qu&rsquo;aimeriez-vous voir sur Motorsport.com ?<\/p>\n<p>            <a href=\"#\" class=\"ms-link text-link font-bold\">R\u00e9pondez \u00e0 notre enqu\u00eate de 5 minutes.<\/a><\/p>\n<p class=\"mt-1 font-info text-body\">&#8211; L&rsquo;\u00e9quipe Motorsport.com<\/p>\n","protected":false},"excerpt":{"rendered":"Un contact entre Luca Marini et Ra\u00fal Fern\u00e1ndez \u00e0 mi-course, dimanche en Indon\u00e9sie, a passablement agac\u00e9 les deux&hellip;\n","protected":false},"author":2,"featured_media":443186,"comment_status":"","ping_status":"","sticky":false,"template":"","format":"standard","meta":{"footnotes":""},"categories":[1413],"tags":[1011,27,55763,3345,15966,55764,56951,1457,1456,1458,13596,60,4084],"class_list":{"0":"post-443185","1":"post","2":"type-post","3":"status-publish","4":"format-standard","5":"has-post-thumbnail","7":"category-moto","8":"tag-fr","9":"tag-france","10":"tag-gp-dindonu00e9sie","11":"tag-honda-hrc","12":"tag-luca-marini","13":"tag-mandalika-international-street-circuit","14":"tag-marini-et-fernu00e1ndez-saccusent-mutuellement-apru00e8s-leur-contact","15":"tag-moto","16":"tag-motocycle","17":"tag-motogp","18":"tag-rau00fal-fernu00e1ndez","19":"tag-sports","20":"tag-trackhouse-racing-team"},"share_on_mastodon":{"url":"https:\/\/pubeurope.com\/@fr\/115328039866792521","error":""},"_links":{"self":[{"href":"https:\/\/www.europesays.com\/fr\/wp-json\/wp\/v2\/posts\/443185","targetHints":{"allow":["GET"]}}],"collection":[{"href":"https:\/\/www.europesays.com\/fr\/wp-json\/wp\/v2\/posts"}],"about":[{"href":"https:\/\/www.europesays.com\/fr\/wp-json\/wp\/v2\/types\/post"}],"author":[{"embeddable":true,"href":"https:\/\/www.europesays.com\/fr\/wp-json\/wp\/v2\/users\/2"}],"replies":[{"embeddable":true,"href":"https:\/\/www.europesays.com\/fr\/wp-json\/wp\/v2\/comments?post=443185"}],"version-history":[{"count":0,"href":"https:\/\/www.europesays.com\/fr\/wp-json\/wp\/v2\/posts\/443185\/revisions"}],"wp:featuredmedia":[{"embeddable":true,"href":"https:\/\/www.europesays.com\/fr\/wp-json\/wp\/v2\/media\/443186"}],"wp:attachment":[{"href":"https:\/\/www.europesays.com\/fr\/wp-json\/wp\/v2\/media?parent=443185"}],"wp:term":[{"taxonomy":"category","embeddable":true,"href":"https:\/\/www.europesays.com\/fr\/wp-json\/wp\/v2\/categories?post=443185"},{"taxonomy":"post_tag","embeddable":true,"href":"https:\/\/www.europesays.com\/fr\/wp-json\/wp\/v2\/tags?post=443185"}],"curies":[{"name":"wp","href":"https:\/\/api.w.org\/{rel}","templated":true}]}}