{"id":443187,"date":"2025-10-06T15:56:11","date_gmt":"2025-10-06T15:56:11","guid":{"rendered":"https:\/\/www.europesays.com\/fr\/443187\/"},"modified":"2025-10-06T15:56:11","modified_gmt":"2025-10-06T15:56:11","slug":"tony-parker-senior-pere-de-tony-parker-et-ancien-basketteur-est-decede","status":"publish","type":"post","link":"https:\/\/www.europesays.com\/fr\/443187\/","title":{"rendered":"Tony Parker Senior, p\u00e8re de Tony Parker et ancien basketteur, est d\u00e9c\u00e9d\u00e9"},"content":{"rendered":"<p>Ancien basketteur am\u00e9ricain, Tony Parker Senior s\u2019est \u00e9teint \u00e0 l\u2019\u00e2ge de 70 ans.<\/p>\n<p class=\"fig-paragraph\">L&rsquo;ancien basketteur am\u00e9ricain Tony Parker Senior, p\u00e8re de Tony Parker, est d\u00e9c\u00e9d\u00e9 \u00e0 l&rsquo;\u00e2ge de 70 ans, a annonc\u00e9 l&rsquo;ancien meneur des Bleus dans un communiqu\u00e9 transmis \u00e0 l&rsquo;AFP lundi.<\/p>\n<p class=\"fig-paragraph\">\u00abAncien joueur de basket et figure profond\u00e9ment aim\u00e9e, Tony Parker Senior (&#8230;) a transmis (\u00e0 sa famille) sa passion pour le basket, sa force de caract\u00e8re et ses valeurs humaines, celles qui ont fa\u00e7onn\u00e9 l&rsquo;homme et l&rsquo;athl\u00e8te que Tony est devenu\u00bb, peut-on lire dans un communiqu\u00e9, qui ne d\u00e9voile pas les circonstances d&rsquo;un d\u00e9c\u00e8s \u00abbrutal et inattendu\u00bb.<\/p>\n<p>                                    <a class=\"fig-a11y-skip a11y-hidden\" href=\"#fig-a11y-skip-main-inarticle\"><br \/>\n        Passer la publicit\u00e9<br \/>\n    <\/a><\/p>\n<p>Tony Parker \u00e9voque \u00abun p\u00e8re inspirant\u00bb et un \u00abrep\u00e8re essentiel\u00bb<\/p>\n<p class=\"fig-paragraph\">\u00abCe d\u00e9part laisse un vide immense\u00bb ajoute l&rsquo;ancienne l\u00e9gende des Spurs, qui \u00e9voque \u00abun p\u00e8re inspirant\u00bb et un \u00abrep\u00e8re essentiel\u00bb dans la vie de ses enfants, dont Tony Parker mais aussi TJ Parker, ancien entra\u00eeneur de l&rsquo;Asvel et Pierre Parker \u00e9galement ancien joueur.<\/p>\n<p class=\"fig-paragraph\">Originaire de Chicago, Tony Parker Senior a \u00e9volu\u00e9 aux Etats-Unis avec Loyola University Chicago, de 1973 \u00e0 1977 avant de passer professionnel. Il a ensuite effectu\u00e9 une partie de sa carri\u00e8re en Europe (Pays-Bas, Belgique) et en France sous les couleurs notamment de Denain.<\/p>\n","protected":false},"excerpt":{"rendered":"Ancien basketteur am\u00e9ricain, Tony Parker Senior s\u2019est \u00e9teint \u00e0 l\u2019\u00e2ge de 70 ans. L&rsquo;ancien basketteur am\u00e9ricain Tony Parker&hellip;\n","protected":false},"author":2,"featured_media":443188,"comment_status":"","ping_status":"","sticky":false,"template":"","format":"standard","meta":{"footnotes":""},"categories":[1412],"tags":[2190,1465,1464,2180,2192,814,64,450,2183,1451,1452,1453,1454,1455,1011,27,2191,2193,820,2181,2182,2189,2186,2184,2185,1980,60,2188,2187],"class_list":{"0":"post-443187","1":"post","2":"type-post","3":"status-publish","4":"format-standard","5":"has-post-thumbnail","7":"category-f1","8":"tag-asvel","9":"tag-basket","10":"tag-basketball","11":"tag-championnats-deurope","12":"tag-cholet","13":"tag-direct","14":"tag-equipe-de-france","15":"tag-euro","16":"tag-euroligue","17":"tag-f1","18":"tag-formula-1","19":"tag-formula1","20":"tag-formule-1","21":"tag-formule1","22":"tag-fr","23":"tag-france","24":"tag-le-mans","25":"tag-limoges","26":"tag-live","27":"tag-mondial","28":"tag-nba","29":"tag-photos","30":"tag-play-offs","31":"tag-pro-a","32":"tag-pro-b","33":"tag-resultats","34":"tag-sports","35":"tag-statistiques","36":"tag-stats"},"share_on_mastodon":{"url":"https:\/\/pubeurope.com\/@fr\/115328043116516374","error":""},"_links":{"self":[{"href":"https:\/\/www.europesays.com\/fr\/wp-json\/wp\/v2\/posts\/443187","targetHints":{"allow":["GET"]}}],"collection":[{"href":"https:\/\/www.europesays.com\/fr\/wp-json\/wp\/v2\/posts"}],"about":[{"href":"https:\/\/www.europesays.com\/fr\/wp-json\/wp\/v2\/types\/post"}],"author":[{"embeddable":true,"href":"https:\/\/www.europesays.com\/fr\/wp-json\/wp\/v2\/users\/2"}],"replies":[{"embeddable":true,"href":"https:\/\/www.europesays.com\/fr\/wp-json\/wp\/v2\/comments?post=443187"}],"version-history":[{"count":0,"href":"https:\/\/www.europesays.com\/fr\/wp-json\/wp\/v2\/posts\/443187\/revisions"}],"wp:featuredmedia":[{"embeddable":true,"href":"https:\/\/www.europesays.com\/fr\/wp-json\/wp\/v2\/media\/443188"}],"wp:attachment":[{"href":"https:\/\/www.europesays.com\/fr\/wp-json\/wp\/v2\/media?parent=443187"}],"wp:term":[{"taxonomy":"category","embeddable":true,"href":"https:\/\/www.europesays.com\/fr\/wp-json\/wp\/v2\/categories?post=443187"},{"taxonomy":"post_tag","embeddable":true,"href":"https:\/\/www.europesays.com\/fr\/wp-json\/wp\/v2\/tags?post=443187"}],"curies":[{"name":"wp","href":"https:\/\/api.w.org\/{rel}","templated":true}]}}