{"id":443190,"date":"2025-10-06T15:59:11","date_gmt":"2025-10-06T15:59:11","guid":{"rendered":"https:\/\/www.europesays.com\/fr\/443190\/"},"modified":"2025-10-06T15:59:11","modified_gmt":"2025-10-06T15:59:11","slug":"un-sac-moule-un-accordeon-un-talon-invisible-les-accessoires-les-plus-fous-de-la-fashion-week-de-paris","status":"publish","type":"post","link":"https:\/\/www.europesays.com\/fr\/443190\/","title":{"rendered":"Un sac moule, un accord\u00e9on, un talon invisible\u2026 Les accessoires les plus fous de la Fashion Week de Paris"},"content":{"rendered":"<p>Il y a, lors de cette <a href=\"https:\/\/www.vanityfair.fr\/galerie\/fashion-week-de-paris-les-looks-les-plus-spectaculaires-de-la-semaine-des-defiles\" target=\"_blank\" rel=\"noopener\">Fashion Week parisienne<\/a>, des sacs \u00e0 main, souliers et autres accessoires au charme rassurant, presque r\u00e9gressif. Tous, ou presque, contrastent avec l&rsquo;actualit\u00e9 morose. Il semblerait, d&rsquo;ailleurs, que la couleur ne soit plus \u00e0 taire. Elle est vive, comme un rose fuchsia, un jaune poussin ou un vert sapin chez <a href=\"https:\/\/www.vanityfair.fr\/galerie\/fashion-week-de-paris-chez-loewe-rencontre-haute-en-couleurs-entre-espagne-et-etats-unis\" target=\"_blank\" rel=\"noopener\">Loewe<\/a>, o\u00f9 le nouveau duo cr\u00e9atif aux r\u00eanes des collections, <a href=\"https:\/\/www.vanityfair.fr\/article\/loewe-jack-mccollough-et-lazaro-hernandez\" target=\"_blank\" rel=\"noopener\"><strong>Jack McCollough<\/strong> et <strong>Lazaro Hernandez<\/strong>,<\/a> s&rsquo;inscrit dans la continuit\u00e9 de son pr\u00e9d\u00e9cesseur, <strong>Jonathan Anderson<\/strong>, c\u00e9l\u00e8bre pour son usage audacieux des palettes. Chaque teinte r\u00e9chauffe, fascine, ose l\u00e0 o\u00f9 le noir a toujours r\u00e9gn\u00e9 en ma\u00eetre.<\/p>\n<p>Mais on trouve aussi des objets d\u00e9tourn\u00e9s en d&rsquo;autres formes : une moule, habituellement servie dans une assiette avec des frites, se transforme en minaudi\u00e8re, \u00e9galement chez la marque espagnole. Un sac \u00e0 main se d\u00e9voile en raquette chez Lacoste, tandis qu&rsquo;un accord\u00e9on, port\u00e9 \u00e0 la main, peut contenir toutes sortes d&rsquo;affaires chez <a href=\"https:\/\/www.vanityfair.fr\/article\/au-defile-victoria-beckham-ladolescente-devient-adulte\" target=\"_blank\" rel=\"noopener\">Victoria Beckham<\/a>. D&rsquo;autres encore pr\u00e9f\u00e8rent rendre invisible le talon ou le sac \u00e0 main, ne laissant appara\u00eetre que la anse, comme c&rsquo;est le cas chez le label n\u00e9erlandais Zomer depuis la derni\u00e8re saison. Nous partageons avec vous les accessoires les plus fous, que certains oseront peut-\u00eatre porter un jour.<\/p>\n","protected":false},"excerpt":{"rendered":"Il y a, lors de cette Fashion Week parisienne, des sacs \u00e0 main, souliers et autres accessoires au&hellip;\n","protected":false},"author":2,"featured_media":443191,"comment_status":"","ping_status":"","sticky":false,"template":"","format":"standard","meta":{"footnotes":""},"categories":[1359],"tags":[58,59,992,1011,27,973],"class_list":{"0":"post-443190","1":"post","2":"type-post","3":"status-publish","4":"format-standard","5":"has-post-thumbnail","7":"category-people","8":"tag-divertissement","9":"tag-entertainment","10":"tag-fashion-week","11":"tag-fr","12":"tag-france","13":"tag-people"},"share_on_mastodon":{"url":"https:\/\/pubeurope.com\/@fr\/115328054922114825","error":""},"_links":{"self":[{"href":"https:\/\/www.europesays.com\/fr\/wp-json\/wp\/v2\/posts\/443190","targetHints":{"allow":["GET"]}}],"collection":[{"href":"https:\/\/www.europesays.com\/fr\/wp-json\/wp\/v2\/posts"}],"about":[{"href":"https:\/\/www.europesays.com\/fr\/wp-json\/wp\/v2\/types\/post"}],"author":[{"embeddable":true,"href":"https:\/\/www.europesays.com\/fr\/wp-json\/wp\/v2\/users\/2"}],"replies":[{"embeddable":true,"href":"https:\/\/www.europesays.com\/fr\/wp-json\/wp\/v2\/comments?post=443190"}],"version-history":[{"count":0,"href":"https:\/\/www.europesays.com\/fr\/wp-json\/wp\/v2\/posts\/443190\/revisions"}],"wp:featuredmedia":[{"embeddable":true,"href":"https:\/\/www.europesays.com\/fr\/wp-json\/wp\/v2\/media\/443191"}],"wp:attachment":[{"href":"https:\/\/www.europesays.com\/fr\/wp-json\/wp\/v2\/media?parent=443190"}],"wp:term":[{"taxonomy":"category","embeddable":true,"href":"https:\/\/www.europesays.com\/fr\/wp-json\/wp\/v2\/categories?post=443190"},{"taxonomy":"post_tag","embeddable":true,"href":"https:\/\/www.europesays.com\/fr\/wp-json\/wp\/v2\/tags?post=443190"}],"curies":[{"name":"wp","href":"https:\/\/api.w.org\/{rel}","templated":true}]}}