{"id":443194,"date":"2025-10-06T16:02:17","date_gmt":"2025-10-06T16:02:17","guid":{"rendered":"https:\/\/www.europesays.com\/fr\/443194\/"},"modified":"2025-10-06T16:02:17","modified_gmt":"2025-10-06T16:02:17","slug":"etam-live-show-s05e01-emission-2025","status":"publish","type":"post","link":"https:\/\/www.europesays.com\/fr\/443194\/","title":{"rendered":"Etam Live Show S05E01 &#8211; Emission (2025)"},"content":{"rendered":"<p class=\"p-1 rounded lead2 bg-body-tertiary\">A l&rsquo;occasion de la Paris Fashion Week 2025, Etam se saisit, pour la 18e ann\u00e9e cons\u00e9cutive, de ce rendez-vous incontournable pour c\u00e9l\u00e9brer les femmes. Le d\u00e9fil\u00e9 est l&rsquo;occasion unique pour la marque de r\u00e9unir culture, art, mode et musique dans une performance narrative d&rsquo;envergure. Pour r\u00e9v\u00e9ler sa nouvelle campagne J&rsquo;ETAM et renouveler sa d\u00e9claration d&rsquo;amour universelle aux femmes, la marque fran\u00e7aise a choisi d&rsquo;accueillir ses invit\u00e9s au Palais Brongniart, monument iconique du patrimoine parisien.<\/p>\n<p><a class=\"anchorscroll\" id=\"avis\"\/><a class=\"anchorscroll\" id=\"bande-annonce\"\/>Vid\u00e9o Programme TV ce soir<img decoding=\"async\" src=\"https:\/\/www.europesays.com\/fr\/wp-content\/uploads\/2025\/10\/x480.jpeg\" class=\"rounded img-fluid\" alt=\"Programme TV de ce soir en Vid\u00e9o\"\/><\/p>\n","protected":false},"excerpt":{"rendered":"A l&rsquo;occasion de la Paris Fashion Week 2025, Etam se saisit, pour la 18e ann\u00e9e cons\u00e9cutive, de ce&hellip;\n","protected":false},"author":2,"featured_media":443195,"comment_status":"","ping_status":"","sticky":false,"template":"","format":"standard","meta":{"footnotes":""},"categories":[1356],"tags":[39020,6394,58,2889,39019,59,56952,1011,27,39014,39013,39016,39017,39018,503,39015,502,39022,39021,362,39012,252,1364],"class_list":{"0":"post-443194","1":"post","2":"type-post","3":"status-publish","4":"format-standard","5":"has-post-thumbnail","7":"category-television","8":"tag-a-la-tv","9":"tag-ce-soir-tv","10":"tag-divertissement","11":"tag-emission","12":"tag-en-ce-moment-tv","13":"tag-entertainment","14":"tag-etam-live-show-s05e01","15":"tag-fr","16":"tag-france","17":"tag-guide-tele","18":"tag-guide-tv","19":"tag-programme-canalsat","20":"tag-programme-freebox","21":"tag-programme-orange","22":"tag-programme-tele","23":"tag-programme-tnt","24":"tag-programme-tv","25":"tag-que-regarder-a-la-tv","26":"tag-regarder-la-tv","27":"tag-replay","28":"tag-soiree-tv","29":"tag-television","30":"tag-tv"},"share_on_mastodon":{"url":"https:\/\/pubeurope.com\/@fr\/115328067197696211","error":""},"_links":{"self":[{"href":"https:\/\/www.europesays.com\/fr\/wp-json\/wp\/v2\/posts\/443194","targetHints":{"allow":["GET"]}}],"collection":[{"href":"https:\/\/www.europesays.com\/fr\/wp-json\/wp\/v2\/posts"}],"about":[{"href":"https:\/\/www.europesays.com\/fr\/wp-json\/wp\/v2\/types\/post"}],"author":[{"embeddable":true,"href":"https:\/\/www.europesays.com\/fr\/wp-json\/wp\/v2\/users\/2"}],"replies":[{"embeddable":true,"href":"https:\/\/www.europesays.com\/fr\/wp-json\/wp\/v2\/comments?post=443194"}],"version-history":[{"count":0,"href":"https:\/\/www.europesays.com\/fr\/wp-json\/wp\/v2\/posts\/443194\/revisions"}],"wp:featuredmedia":[{"embeddable":true,"href":"https:\/\/www.europesays.com\/fr\/wp-json\/wp\/v2\/media\/443195"}],"wp:attachment":[{"href":"https:\/\/www.europesays.com\/fr\/wp-json\/wp\/v2\/media?parent=443194"}],"wp:term":[{"taxonomy":"category","embeddable":true,"href":"https:\/\/www.europesays.com\/fr\/wp-json\/wp\/v2\/categories?post=443194"},{"taxonomy":"post_tag","embeddable":true,"href":"https:\/\/www.europesays.com\/fr\/wp-json\/wp\/v2\/tags?post=443194"}],"curies":[{"name":"wp","href":"https:\/\/api.w.org\/{rel}","templated":true}]}}