{"id":443210,"date":"2025-10-06T16:13:19","date_gmt":"2025-10-06T16:13:19","guid":{"rendered":"https:\/\/www.europesays.com\/fr\/443210\/"},"modified":"2025-10-06T16:13:19","modified_gmt":"2025-10-06T16:13:19","slug":"saint-etienne-un-magasin-dune-enseigne-connue-va-ouvrir-dans-ce-centre-commercial","status":"publish","type":"post","link":"https:\/\/www.europesays.com\/fr\/443210\/","title":{"rendered":"Saint-Etienne. Un magasin d&rsquo;une enseigne connue va ouvrir dans ce centre commercial"},"content":{"rendered":"<p>            Par<br \/>\n        <strong><br \/>\n            <a href=\"https:\/\/actu.fr\/auteur\/mathias-souteyrat\" title=\"Consulter tous les articles de Mathias Souteyrat\" target=\"_blank\" rel=\"noopener\">Mathias Souteyrat<\/a><br \/>\n        <\/strong><\/p>\n<p>        Publi\u00e9 le<\/p>\n<p>            6 oct. 2025 \u00e0 10h35        <\/p>\n<p>L\u2019enseigne Maison de la Literie va ouvrir ce vendredi 10\u00a0octobre un nouveau magasin sur la commune de <a href=\"https:\/\/actu.fr\/auvergne-rhone-alpes\/la-fouillouse_42097\" target=\"_blank\" rel=\"noopener\">La Fouillouse <\/a>(Loire), \u00e0 deux pas de <a href=\"https:\/\/actu.fr\/saint-etienne\/\" target=\"_blank\" rel=\"noopener\">Saint-\u00c9tienne<\/a>. La boutique aura une surface de 300 m\u00b2. \u00ab\u00a0Ce point de vente en Auvergne-Rh\u00f4ne-Alpes confirme le nouveau mod\u00e8le d\u2019attractivit\u00e9 de la marque reposant sur un nouveau concept de magasins et l\u2019accessibilit\u00e9 d\u2019une offre de literie d\u2019excellence\u00a0\u00bb, met en avant la marque dans un communiqu\u00e9 de presse envoy\u00e9 aux r\u00e9dactions.<\/p>\n<p>Dans le centre commercial de L\u2019arche<\/p>\n<p class=\" wall-content\">Ce point de vente se trouve dans le centre commercial de L\u2019arche (372 RM 1082 \u00e0 La Fouillouse), \u00ab\u2009offrant \u00e0 la client\u00e8le un espace \u00e9l\u00e9gant, enti\u00e8rement d\u00e9di\u00e9 au sommeil et au bien-\u00eatre\u2009\u00bb.<\/p>\n<blockquote class=\"ac-article-quote wall-content\">\n<p>Notre mission est d\u2019am\u00e9liorer le sommeil des Fran\u00e7ais avec une literie d\u2019excellence accessible au plus grand nombre. L\u2019ouverture de La Fouillouse illustre la modernisation de notre concept magasin et le succ\u00e8s de nos nouvelles collections Ducal Literie et Onea, issues de notre savoir-faire industriel fran\u00e7ais. Ce d\u00e9veloppement t\u00e9moigne de l\u2019attractivit\u00e9 de notre r\u00e9seau et de la dynamique qui nous rapproche de notre objectif de 200 points de vente d\u2019ici 2028.<\/p>\n<p>    <strong>Alban Fremaux<\/strong><br \/>\n        Directeur g\u00e9n\u00e9ral de Maison de la Literie    <\/p><\/blockquote>\n<p>\u00ab\u00a0Nous apportons \u00e0 la r\u00e9gion une exp\u00e9rience unique alliant confort, innovation et savoir-faire fran\u00e7ais\u00a0\u00bb<\/p>\n<p class=\" wall-content\">Selon Georges Da Rocha, le responsable du magasin de La Fouillouse\u2009:<\/p>\n<p class=\" wall-content\">\u00ab\u2009L\u2019ouverture de ce nouveau magasin Maison de la Literie \u00e0 La Fouillouse est une formidable opportunit\u00e9 de proposer aux Lig\u00e9riens un espace d\u00e9di\u00e9 au sommeil et au bien-\u00eatre. Avec ce concept modernis\u00e9 et une offre haut de gamme accessible, nous apportons \u00e0 la r\u00e9gion une exp\u00e9rience unique alliant confort, innovation et savoir-faire fran\u00e7ais. En tant que professionnel de la literie et de l\u2019ameublement, je suis fier de contribuer \u00e0 ce d\u00e9veloppement et d\u2019accompagner chaque client dans le choix d\u2019une literie d\u2019excellence.\u2009\u00bb<\/p>\n<p class=\" wall-content\">Personnalisez votre actualit\u00e9 en ajoutant vos villes et m\u00e9dias en favori avec <a href=\"https:\/\/moncompte.actu.fr\" title=\"D\u00e9couvez Mon Actu\" rel=\"nofollow noopener\" data-trk=\"{&quot;cta&quot;:{&quot;action&quot;:&quot;https:\\\/\\\/moncompte.actu.fr&quot;,&quot;category&quot;:&quot;mon compte&quot;,&quot;from&quot;:&quot;article footer&quot;,&quot;name&quot;:&quot;Mon actu&quot;,&quot;type&quot;:&quot;cta&quot;}}\" target=\"_blank\">Mon Actu<\/a>.<\/p>\n","protected":false},"excerpt":{"rendered":"Par Mathias Souteyrat Publi\u00e9 le 6 oct. 2025 \u00e0 10h35 L\u2019enseigne Maison de la Literie va ouvrir ce&hellip;\n","protected":false},"author":2,"featured_media":443211,"comment_status":"","ping_status":"","sticky":false,"template":"","format":"standard","meta":{"footnotes":""},"categories":[9653],"tags":[1111,11,2430,33,1777,674,1011,27,12,3147,25,4001],"class_list":{"0":"post-443210","1":"post","2":"type-post","3":"status-publish","4":"format-standard","5":"has-post-thumbnail","7":"category-saint-etienne","8":"tag-actu","9":"tag-actualites","10":"tag-auvergne-rhone-alpes","11":"tag-economie","12":"tag-eu","13":"tag-europe","14":"tag-fr","15":"tag-france","16":"tag-news","17":"tag-nouveaux-commerces","18":"tag-republique-francaise","19":"tag-saint-etienne"},"share_on_mastodon":{"url":"https:\/\/pubeurope.com\/@fr\/115328109985620316","error":""},"_links":{"self":[{"href":"https:\/\/www.europesays.com\/fr\/wp-json\/wp\/v2\/posts\/443210","targetHints":{"allow":["GET"]}}],"collection":[{"href":"https:\/\/www.europesays.com\/fr\/wp-json\/wp\/v2\/posts"}],"about":[{"href":"https:\/\/www.europesays.com\/fr\/wp-json\/wp\/v2\/types\/post"}],"author":[{"embeddable":true,"href":"https:\/\/www.europesays.com\/fr\/wp-json\/wp\/v2\/users\/2"}],"replies":[{"embeddable":true,"href":"https:\/\/www.europesays.com\/fr\/wp-json\/wp\/v2\/comments?post=443210"}],"version-history":[{"count":0,"href":"https:\/\/www.europesays.com\/fr\/wp-json\/wp\/v2\/posts\/443210\/revisions"}],"wp:featuredmedia":[{"embeddable":true,"href":"https:\/\/www.europesays.com\/fr\/wp-json\/wp\/v2\/media\/443211"}],"wp:attachment":[{"href":"https:\/\/www.europesays.com\/fr\/wp-json\/wp\/v2\/media?parent=443210"}],"wp:term":[{"taxonomy":"category","embeddable":true,"href":"https:\/\/www.europesays.com\/fr\/wp-json\/wp\/v2\/categories?post=443210"},{"taxonomy":"post_tag","embeddable":true,"href":"https:\/\/www.europesays.com\/fr\/wp-json\/wp\/v2\/tags?post=443210"}],"curies":[{"name":"wp","href":"https:\/\/api.w.org\/{rel}","templated":true}]}}