{"id":443212,"date":"2025-10-06T16:14:19","date_gmt":"2025-10-06T16:14:19","guid":{"rendered":"https:\/\/www.europesays.com\/fr\/443212\/"},"modified":"2025-10-06T16:14:19","modified_gmt":"2025-10-06T16:14:19","slug":"nyfd-rachete-espace-fauriel-et-prevoit-de-creer-10-000-m%c2%b2-de-bureaux-flexibles-sur-lagglomeration-stephanoise","status":"publish","type":"post","link":"https:\/\/www.europesays.com\/fr\/443212\/","title":{"rendered":"NYFD rach\u00e8te Espace Fauriel et pr\u00e9voit de cr\u00e9er 10\u00a0000 m\u00b2 de bureaux flexibles sur l\u2019agglom\u00e9ration st\u00e9phanoise"},"content":{"rendered":"<p melodystyle=\"texte\">Devenir un op\u00e9rateur de r\u00e9f\u00e9rence du bureau flexible en Auvergne-Rh\u00f4ne-Alpes. C\u2019est l\u2019ambition port\u00e9e par NYFD, op\u00e9rateur de bureaux \u00e0 Saint-Etienne, \u00ab\u00a0qui prend le relais de l\u2019exploitation globale de la marque Coworking Saint-Etienne\u00a0\u00bb, indique un communiqu\u00e9.<\/p>\n<p>Un projet \u00e0 20 millions d\u2019euros<\/p>\n<p melodystyle=\"texte\">Filiale immobili\u00e8re \u00e0 l\u2019origine de l\u2019agence de marketing digitale Kosmoss (15 salari\u00e9s), Coworking Saint-Etienne poss\u00e8de pour l\u2019heure deux lieux sur le site du Technopole \u00e0 Saint-Etienne repr\u00e9sentant une superficie totale de 1 000 m\u00b2. <\/p>\n<p melodystyle=\"texte\">Soutenu par un Family Office, dont le nom n\u2019a pas \u00e9t\u00e9 communiqu\u00e9, NYFD ambitionne d\u2019ici trois ans d\u2019op\u00e9rer 10 000 m\u00b2 de bureaux, \u00ab\u00a0repr\u00e9sentant un investissement global de 20 millions d\u2019euros\u00a0\u00bb, pr\u00e9cise le communiqu\u00e9.<\/p>\n<p melodystyle=\"texte\">Dans cette optique, un nouvel espace Coworking Saint-Etienne ouvrira au premier trimestre 2026 dans le b\u00e2timent historique des anciens locaux de Manufrance Saint-Etienne. Cette implantation de 600 m\u00b2 proposera des bureaux, des salles de r\u00e9union et un service de domiciliation en lieu et place d\u2019Espace Fauriel, le centre d\u2019affaires historique st\u00e9phanois, rachet\u00e9 par NYFD.<\/p>\n<p>Une seconde vie pour le centre d\u2019affaires Espace Fauriel<\/p>\n<p melodystyle=\"texte\">\u00ab\u00a0Notre espace de bureaux va revivre et se d\u00e9velopper avec toute l\u2019expertise que peut apporter Coworking Saint-Etienne. Les locaux vont \u00eatre enti\u00e8rement remis \u00e0 neuf pour offrir encore plus de confort et une exp\u00e9rience centr\u00e9e sur les usages et l\u2019exp\u00e9rience\u00a0\u00bb, explique Pierre-Alain Claveloux, le fondateur d\u2019Espace Fauriel. \u00ab\u00a0Il y a une grande fiert\u00e9 \u00e0 redonner vie \u00e0 ce lieu embl\u00e9matique\u00a0\u00bb, abonde Sylvain Vallier, cofondateur et PDG de NYFD.<\/p>\n<p>Un campus multi-usages de 4 000 m\u00b2 en projet<\/p>\n<p melodystyle=\"texte\">Au 2e semestre 2026, NYFD projette d\u2019ouvrir un campus multi-usages de 4 000 m\u00b2 \u00e0 proximit\u00e9 du Technopole. Ce lieu proposera une offre servicielle int\u00e9gr\u00e9e avec des espaces de loisirs et divertissement (guinguette p\u00e9tanque\/salle de sport), cr\u00e8che, une offre de location de box de stockage, et l\u2019animation de ces diff\u00e9rents espaces en soir\u00e9e et durant le week-end.<\/p>\n<p melodystyle=\"texte\">Avec cette nouvelle implantation, NYFD couvrira une surface totale de plus de 6 000 m\u00b2 sur la m\u00e9tropole st\u00e9phanoise. D\u2019autres projets d\u2019ouvertures sont \u00e9galement programm\u00e9s dans les 5 ans \u00e0 venir, \u00ab\u00a0notamment en Savoie\u00a0\u00bb, pr\u00e9cise le communiqu\u00e9.<\/p>\n","protected":false},"excerpt":{"rendered":"Devenir un op\u00e9rateur de r\u00e9f\u00e9rence du bureau flexible en Auvergne-Rh\u00f4ne-Alpes. C\u2019est l\u2019ambition port\u00e9e par NYFD, op\u00e9rateur de bureaux&hellip;\n","protected":false},"author":2,"featured_media":443213,"comment_status":"","ping_status":"","sticky":false,"template":"","format":"standard","meta":{"footnotes":""},"categories":[9653],"tags":[1111,11,2430,1777,674,1011,27,12,25,4001],"class_list":{"0":"post-443212","1":"post","2":"type-post","3":"status-publish","4":"format-standard","5":"has-post-thumbnail","7":"category-saint-etienne","8":"tag-actu","9":"tag-actualites","10":"tag-auvergne-rhone-alpes","11":"tag-eu","12":"tag-europe","13":"tag-fr","14":"tag-france","15":"tag-news","16":"tag-republique-francaise","17":"tag-saint-etienne"},"share_on_mastodon":{"url":"https:\/\/pubeurope.com\/@fr\/115328114073977140","error":""},"_links":{"self":[{"href":"https:\/\/www.europesays.com\/fr\/wp-json\/wp\/v2\/posts\/443212","targetHints":{"allow":["GET"]}}],"collection":[{"href":"https:\/\/www.europesays.com\/fr\/wp-json\/wp\/v2\/posts"}],"about":[{"href":"https:\/\/www.europesays.com\/fr\/wp-json\/wp\/v2\/types\/post"}],"author":[{"embeddable":true,"href":"https:\/\/www.europesays.com\/fr\/wp-json\/wp\/v2\/users\/2"}],"replies":[{"embeddable":true,"href":"https:\/\/www.europesays.com\/fr\/wp-json\/wp\/v2\/comments?post=443212"}],"version-history":[{"count":0,"href":"https:\/\/www.europesays.com\/fr\/wp-json\/wp\/v2\/posts\/443212\/revisions"}],"wp:featuredmedia":[{"embeddable":true,"href":"https:\/\/www.europesays.com\/fr\/wp-json\/wp\/v2\/media\/443213"}],"wp:attachment":[{"href":"https:\/\/www.europesays.com\/fr\/wp-json\/wp\/v2\/media?parent=443212"}],"wp:term":[{"taxonomy":"category","embeddable":true,"href":"https:\/\/www.europesays.com\/fr\/wp-json\/wp\/v2\/categories?post=443212"},{"taxonomy":"post_tag","embeddable":true,"href":"https:\/\/www.europesays.com\/fr\/wp-json\/wp\/v2\/tags?post=443212"}],"curies":[{"name":"wp","href":"https:\/\/api.w.org\/{rel}","templated":true}]}}