{"id":44322,"date":"2025-04-22T15:56:09","date_gmt":"2025-04-22T15:56:09","guid":{"rendered":"https:\/\/www.europesays.com\/fr\/44322\/"},"modified":"2025-04-22T15:56:09","modified_gmt":"2025-04-22T15:56:09","slug":"nancy-collision-entre-camionnette-et-police-municipale-en-plein-centre-ville","status":"publish","type":"post","link":"https:\/\/www.europesays.com\/fr\/44322\/","title":{"rendered":"Nancy. Collision entre camionnette et police municipale en plein centre-ville"},"content":{"rendered":"<p>Au croisement de la rue Raugraff et de la rue Saint-Jean, en plein centre-ville de Nancy, les pi\u00e9tions se retournent interrogatifs devant l\u2019\u00e9tat du v\u00e9hicule de la police municipale. Face avant enfonc\u00e9e, pare-chocs au sol\u00a0: le choc a \u00e9t\u00e9 fort et les airbags se sont d\u00e9clench\u00e9s.<\/p>\n<p>Ce contenu est bloqu\u00e9 car vous n&rsquo;avez pas accept\u00e9 les cookies et autres traceurs.<\/p>\n<p>En cliquant sur \u00ab J\u2019accepte \u00bb, les cookies et autres traceurs seront d\u00e9pos\u00e9s et vous pourrez visualiser les contenus  (<a href=\"\" class=\"consentModule_policy\" target=\"_blank\" title=\"Consulter la politique de protection des donn\u00e9es du fournisseur\">plus d&rsquo;informations<\/a>).<\/p>\n<p>En cliquant sur \u00ab J\u2019accepte tous les cookies \u00bb, vous autorisez des d\u00e9p\u00f4ts de cookies et autres traceurs pour le stockage de vos donn\u00e9es sur nos sites et applications \u00e0 des fins de personnalisation et de ciblage publicitaire.<\/p>\n<p class=\"consentModule_secondaryText\">Vous gardez la possibilit\u00e9 de retirer votre consentement \u00e0 tout moment en consultant notre <a href=\"https:\/\/www.estrepublicain.fr\/protection-des-donnees\" target=\"_blank\" title=\"Consulter notre politique de protection des donn\u00e9es\" rel=\"nofollow noopener\">politique de protection des donn\u00e9es<\/a>. <br \/>&#13;<br \/>\n            <a href=\"https:\/\/www.estrepublicain.fr\/faits-divers-justice\/2025\/04\/22\/javascript:Didomi.notice.show()\" class=\"consentModule_cmp\" rel=\"nofollow noopener\" target=\"_blank\">G\u00e9rer mes choix<\/a>&#13;\n        <\/p>\n<p>&#13;<br \/>\n                        J&rsquo;accepte&#13;<br \/>\n            J&rsquo;accepte tous les cookies&#13;\n        <\/p>\n<p>Autour de 15h, selon les premi\u00e8res constatations, le v\u00e9hicule de la police municipale en intervention aurait circul\u00e9 sir\u00e8ne et gyrophare activ\u00e9s pour remonter l\u2019axe de la ligne 1 du trolleybus, rue Saint-Jean lorsqu\u2019il a percut\u00e9 une camionnette noire au niveau de sa porte lat\u00e9rale arri\u00e8re.<\/p>\n<p>Nullement choqu\u00e9e, la conductrice de la camionnette, qui a souhait\u00e9 garder l\u2019anonymat, mentionnait\u00a0: \u00ab\u00a0Le feu vert \u00e9tait au vert lorsque je me suis engag\u00e9e sur le carrefour\u00a0\u00bb.<\/p>\n<p>Les occupants du v\u00e9hicule de la police municipale ont subi des examens avant de r\u00e9int\u00e9grer le poste pour \u00e9tablir le constat. La circulation a ainsi \u00e9t\u00e9 momentan\u00e9ment coup\u00e9e afin d\u2019interdire l\u2019acc\u00e8s au tunnel sous la place Charles-III. Une d\u00e9viation avait mis en place au niveau N\u00b049 de la rue des 4-Eglises afin de contourner la zone par la rue du Colonel-Tisserant. Mis \u00e0 part quelques minutes de retard, le trafic des bus a subi peu de perturbation.<\/p>\n","protected":false},"excerpt":{"rendered":"Au croisement de la rue Raugraff et de la rue Saint-Jean, en plein centre-ville de Nancy, les pi\u00e9tions&hellip;\n","protected":false},"author":2,"featured_media":44323,"comment_status":"","ping_status":"","sticky":false,"template":"","format":"standard","meta":{"footnotes":""},"categories":[9635],"tags":[119,1111,11,1704,1777,674,274,1011,27,775,3457,1702,1703,12,25],"class_list":{"0":"post-44322","1":"post","2":"type-post","3":"status-publish","4":"format-standard","5":"has-post-thumbnail","7":"category-nancy","8":"tag-accident","9":"tag-actu","10":"tag-actualites","11":"tag-edition-nancy-et-agglomeration","12":"tag-eu","13":"tag-europe","14":"tag-faits-divers-justice","15":"tag-fr","16":"tag-france","17":"tag-grand-est","18":"tag-meurthe-et-moselle","19":"tag-nancy","20":"tag-nancy-ville-54b","21":"tag-news","22":"tag-republique-francaise"},"share_on_mastodon":{"url":"https:\/\/pubeurope.com\/@fr\/114382437392450088","error":""},"_links":{"self":[{"href":"https:\/\/www.europesays.com\/fr\/wp-json\/wp\/v2\/posts\/44322","targetHints":{"allow":["GET"]}}],"collection":[{"href":"https:\/\/www.europesays.com\/fr\/wp-json\/wp\/v2\/posts"}],"about":[{"href":"https:\/\/www.europesays.com\/fr\/wp-json\/wp\/v2\/types\/post"}],"author":[{"embeddable":true,"href":"https:\/\/www.europesays.com\/fr\/wp-json\/wp\/v2\/users\/2"}],"replies":[{"embeddable":true,"href":"https:\/\/www.europesays.com\/fr\/wp-json\/wp\/v2\/comments?post=44322"}],"version-history":[{"count":0,"href":"https:\/\/www.europesays.com\/fr\/wp-json\/wp\/v2\/posts\/44322\/revisions"}],"wp:featuredmedia":[{"embeddable":true,"href":"https:\/\/www.europesays.com\/fr\/wp-json\/wp\/v2\/media\/44323"}],"wp:attachment":[{"href":"https:\/\/www.europesays.com\/fr\/wp-json\/wp\/v2\/media?parent=44322"}],"wp:term":[{"taxonomy":"category","embeddable":true,"href":"https:\/\/www.europesays.com\/fr\/wp-json\/wp\/v2\/categories?post=44322"},{"taxonomy":"post_tag","embeddable":true,"href":"https:\/\/www.europesays.com\/fr\/wp-json\/wp\/v2\/tags?post=44322"}],"curies":[{"name":"wp","href":"https:\/\/api.w.org\/{rel}","templated":true}]}}