{"id":443226,"date":"2025-10-06T16:22:13","date_gmt":"2025-10-06T16:22:13","guid":{"rendered":"https:\/\/www.europesays.com\/fr\/443226\/"},"modified":"2025-10-06T16:22:13","modified_gmt":"2025-10-06T16:22:13","slug":"a-maromme-free-a-trouve-une-solution-originale-pour-cacher-ses-nouvelles-antennes","status":"publish","type":"post","link":"https:\/\/www.europesays.com\/fr\/443226\/","title":{"rendered":"\u00c0 Maromme, Free a trouv\u00e9 une solution originale pour cacher ses nouvelles antennes"},"content":{"rendered":"<p>            Par<br \/>\n        <strong><br \/>\n            <a href=\"https:\/\/actu.fr\/auteur\/laredaction\" title=\"Consulter tous les articles de R\u00e9daction Normandie\" rel=\"nofollow noopener\" target=\"_blank\">R\u00e9daction Normandie<\/a><br \/>\n        <\/strong><\/p>\n<p>        Publi\u00e9 le<\/p>\n<p>            6 oct. 2025 \u00e0 18h10        <\/p>\n<p>Pas toujours facile de <a href=\"https:\/\/actu.fr\/normandie\/fontaine-bellenger_27249\/eure-des-habitants-vent-debout-contre-linstallation-dune-antenne-relais-pres-de-leurs-maisons_62309136.html\" rel=\"nofollow noopener\" target=\"_blank\">faire accepter l\u2019implantation d\u2019antennes<\/a> de t\u00e9l\u00e9phonie ou de r\u00e9seau internet. C\u2019est m\u00eame souvent l\u2019objet d\u2019\u00e2pres luttes entre op\u00e9rateurs, riverains et pouvoirs publics. Mais \u00e0 <a href=\"https:\/\/actu.fr\/normandie\/maromme_76410\" rel=\"nofollow noopener\" target=\"_blank\">Maromme<\/a>, pr\u00e8s de Rouen,<strong> la municipalit\u00e9 et Free ont r\u00e9ussi \u00e0 trouver un compromis original.<\/strong><\/p>\n<p>Maromme a besoin de nouvelles antennes<\/p>\n<p class=\" wall-content\">Le besoin d\u2019antenne dans cette zone est important car <strong>\u00ab\u00a0tout le r\u00e9seau de la vall\u00e9e du Cailly est satur\u00e9\u00a0\u00bb<\/strong>, indique Charl\u00e8ne Priou, directrice du p\u00f4le technique de la commune. \u00ab\u00a0On a plusieurs op\u00e9rateurs qui nous ont demand\u00e9 de s\u2019installer\u00a0\u00bb, poursuit-elle.<\/p>\n<p class=\" wall-content\">Au d\u00e9part, cette installation a suscit\u00e9 quelques soubresauts car le maire n\u2019\u00e9tait pas partisan d\u2019installer des antennes compl\u00e9mentaires \u2013 <strong>craignant que celles-ci ne soient trop visibles<\/strong>. \u00ab\u00a0M. le Maire ne voulait pas d\u2019antennes, mais nous n\u2019avions pas le choix, les op\u00e9rateurs ont plus de souplesse pour installer leurs antennes relais. Peu importe o\u00f9 aurait \u00e9t\u00e9 l\u2019antenne, elle aurait \u00e9t\u00e9 mise de toute fa\u00e7on sur Maromme\u00a0\u00bb, d\u00e9taille la directrice.<\/p>\n<p class=\" wall-content\">C\u2019est pourquoi la commune a demand\u00e9 \u00e0 l\u2019op\u00e9rateur Free de chercher une id\u00e9e pour r\u00e9duire la visibilit\u00e9 des antennes.<\/p>\n<p>La chemin\u00e9e industrielle, un compromis<\/p>\n<p class=\" wall-content\">Un compromis a ainsi \u00e9t\u00e9 trouv\u00e9 \u00e0 la fin de l\u2019ann\u00e9e derni\u00e8re entre la municipalit\u00e9 et l\u2019op\u00e9rateur Free. Il consiste \u00e0 <strong>r\u00e9habiliter l\u2019ancienne chemin\u00e9e industrielle<\/strong>, datant du XIXe si\u00e8cle, afin de l\u2019utiliser pour \u00ab\u00a0cacher les antennes le plus possible\u00a0\u00bb.<\/p>\n<p class=\" wall-content\">Les travaux de r\u00e9paration devaient initialement d\u00e9buter le 20 octobre mais l\u2019entreprise, qui devait refaire les joints pour renforcer la structure \u00ab\u00a0fortement d\u00e9grad\u00e9e\u00a0\u00bb de la construction, a d\u00e9finitivement ferm\u00e9.<\/p>\n<p>Votre r\u00e9gion, votre actu !<\/p>\n<p>Recevez chaque jour les infos qui comptent pour vous.<\/p>\n<p>\t<a href=\"https:\/\/actu.fr\/newsletter\" class=\"ac-btn ac-btn--corner ac-btn--medium ac-btn--blue800\" rel=\"nofollow noopener\" target=\"_blank\">S&rsquo;incrire<\/a><\/p>\n<p class=\" wall-content\">L\u2019ancienne chemin\u00e9e constitue l\u2019un <strong>des derniers vestiges de l\u2019ancienne entreprise De Fougy<\/strong> qui \u00e9tait sp\u00e9cialis\u00e9e dans le tissage de coton. Or, celle-ci n\u2019est pas class\u00e9e. L\u2019historien de la commune a indiqu\u00e9 qu\u2019elle n\u2019avait pas d\u2019int\u00e9r\u00eat historique majeur, mais seulement un int\u00e9r\u00eat industriel. \u00ab\u00a0On n\u2019avait pas besoin de la conserver comme telle, mais c\u2019\u00e9tait un souhait de M. le Maire <strong>de garder un bout de patrimoine<\/strong> qui t\u00e9moigne d\u2019un pass\u00e9 industriel \u00e0 Maromme\u00a0\u00bb, conclut Charl\u00e8ne Priou.<\/p>\n<p class=\" wall-content\">Sollicit\u00e9, l\u2019op\u00e9rateur Free n\u2019a pas r\u00e9pondu \u00e0 nos questions.<\/p>\n<p class=\" wall-content\"><strong>Noah Dumaine<\/strong><\/p>\n<p class=\" wall-content\">Personnalisez votre actualit\u00e9 en ajoutant vos villes et m\u00e9dias en favori avec <a href=\"https:\/\/moncompte.actu.fr\" title=\"D\u00e9couvez Mon Actu\" rel=\"nofollow noopener\" data-trk=\"{&quot;cta&quot;:{&quot;action&quot;:&quot;https:\\\/\\\/moncompte.actu.fr&quot;,&quot;category&quot;:&quot;mon compte&quot;,&quot;from&quot;:&quot;article footer&quot;,&quot;name&quot;:&quot;Mon actu&quot;,&quot;type&quot;:&quot;cta&quot;}}\" target=\"_blank\">Mon Actu<\/a>.<\/p>\n","protected":false},"excerpt":{"rendered":"Par R\u00e9daction Normandie Publi\u00e9 le 6 oct. 2025 \u00e0 18h10 Pas toujours facile de faire accepter l\u2019implantation d\u2019antennes&hellip;\n","protected":false},"author":2,"featured_media":443227,"comment_status":"","ping_status":"","sticky":false,"template":"","format":"standard","meta":{"footnotes":""},"categories":[9587],"tags":[1111,11,33810,1777,674,1011,27,1757,12,5161,25,9590],"class_list":{"0":"post-443226","1":"post","2":"type-post","3":"status-publish","4":"format-standard","5":"has-post-thumbnail","7":"category-rouen","8":"tag-actu","9":"tag-actualites","10":"tag-antenne-relais","11":"tag-eu","12":"tag-europe","13":"tag-fr","14":"tag-france","15":"tag-insolite","16":"tag-news","17":"tag-normandie","18":"tag-republique-francaise","19":"tag-rouen"},"share_on_mastodon":{"url":"https:\/\/pubeurope.com\/@fr\/115328145617715603","error":""},"_links":{"self":[{"href":"https:\/\/www.europesays.com\/fr\/wp-json\/wp\/v2\/posts\/443226","targetHints":{"allow":["GET"]}}],"collection":[{"href":"https:\/\/www.europesays.com\/fr\/wp-json\/wp\/v2\/posts"}],"about":[{"href":"https:\/\/www.europesays.com\/fr\/wp-json\/wp\/v2\/types\/post"}],"author":[{"embeddable":true,"href":"https:\/\/www.europesays.com\/fr\/wp-json\/wp\/v2\/users\/2"}],"replies":[{"embeddable":true,"href":"https:\/\/www.europesays.com\/fr\/wp-json\/wp\/v2\/comments?post=443226"}],"version-history":[{"count":0,"href":"https:\/\/www.europesays.com\/fr\/wp-json\/wp\/v2\/posts\/443226\/revisions"}],"wp:featuredmedia":[{"embeddable":true,"href":"https:\/\/www.europesays.com\/fr\/wp-json\/wp\/v2\/media\/443227"}],"wp:attachment":[{"href":"https:\/\/www.europesays.com\/fr\/wp-json\/wp\/v2\/media?parent=443226"}],"wp:term":[{"taxonomy":"category","embeddable":true,"href":"https:\/\/www.europesays.com\/fr\/wp-json\/wp\/v2\/categories?post=443226"},{"taxonomy":"post_tag","embeddable":true,"href":"https:\/\/www.europesays.com\/fr\/wp-json\/wp\/v2\/tags?post=443226"}],"curies":[{"name":"wp","href":"https:\/\/api.w.org\/{rel}","templated":true}]}}