{"id":443228,"date":"2025-10-06T16:23:31","date_gmt":"2025-10-06T16:23:31","guid":{"rendered":"https:\/\/www.europesays.com\/fr\/443228\/"},"modified":"2025-10-06T16:23:31","modified_gmt":"2025-10-06T16:23:31","slug":"joueur-du-mois-les-nommes-de-septembre","status":"publish","type":"post","link":"https:\/\/www.europesays.com\/fr\/443228\/","title":{"rendered":"Joueur du mois : les nomm\u00e9s de septembre"},"content":{"rendered":"<p>                                                              <img data-twic-src=\"https:\/\/www.europesays.com\/fr\/wp-content\/uploads\/2025\/10\/1500a48c92379b948ef4032260f38664.png\" data-credit=\"Archives  \/ FFF\" title=\"Archives  \/ FFF\" alt=\"nomm\u00e9es joueur du mois septembre national\" class=\"block\"\/>                                        <\/p>\n<p style=\"font-weight: bold\">Karim Chaban (Aubagne Air Bel), Ylan El Hadary (Valenciennes), Lucas Lavalee (Ch\u00e2teauroux) et Idrissa Seydi (Rouen) sont les nomm\u00e9s au troph\u00e9e de joueur du mois de septembre en National. <\/p>\n<p>Qui succ\u00e9dera \u00e0 <a href=\"https:\/\/www.fff.fr\/article\/15280-aymen-boutoutaou-premier-elu.html\" target=\"_blank\" rel=\"noopener\">Aymen Boutoutaou<\/a>, laur\u00e9at du premier troph\u00e9e de joueur du mois de la saison en National ? Karim Chaban (SC Aubagne Air Bel), Ylan El Hadary (Valenciennes FC), Lucas Lavalee (LB Ch\u00e2teauroux) et Idrissa Seydi (FC Rouen) se disputent la distinction en septembre.\u00a0<\/p>\n<p>Les votes sont ouverts sur les r\u00e9seaux sociaux du championnat jusqu&rsquo;au jeudi 9 octobre (11h00).\u00a0<\/p>\n<p style=\"text-align: center;\"><a href=\"https:\/\/x.com\/NationalFFF\/status\/1975123921847656882\" target=\"_blank\" rel=\"noopener\"><strong>Voter sur le Twitter FFF National<\/strong><\/a><\/p>\n<p style=\"text-align: center;\"><a href=\"https:\/\/www.facebook.com\/nationalFFF\/posts\/pfbid02bHA6TLoZD3bZaRKpWwqT1KG61LjLP7WNEYeQQQcouSLymne9tZaxt53zFPTe4nUCl\" target=\"_blank\" rel=\"noopener\"><strong>Voter sur le Facebook FFF National\u00a0<\/strong><\/a><\/p>\n<p>\u00a0LES NOMM\u00c9S\u00a0<\/p>\n<p>\u25ba <strong>Karim Chaban (SC Aubagne Air Bel, attaquant, 25 ans)<\/strong> : \u00e0 l&rsquo;image de son club, Karim Chaban a connu un tr\u00e8s bon mois de septembre. Il a inscrit trois buts et d\u00e9livr\u00e9 une passe d\u00e9cisive en quatre rencontres, permettant aux Proven\u00e7aux de d\u00e9crocher deux succ\u00e8s et autant de nuls sur la p\u00e9riode. Le Marseillais a notamment \u00e9t\u00e9 le grand artisan du succ\u00e8s des siens \u00e0 QRM (2-1).\u00a0<\/p>\n<p>\u25ba <strong>Ylan El Hadary (Valenciennes FC, ailier, 19 ans)<\/strong> : pr\u00eat\u00e9 par le Paris FC, El Hadary s&rsquo;est r\u00e9v\u00e9l\u00e9 extr\u00eamement pr\u00e9cieux pour les Nordistes en ce d\u00e9but d&rsquo;exercice. Absent lors du revers des siens \u00e0 Saint-Brieuc, l&rsquo;international malgache est revenu de s\u00e9lection pour signer deux buts victorieux face au Paris 13 Atletico (1-0) puis Villefranche (2-0).\u00a0<\/p>\n<p>\u25ba <strong><a href=\"https:\/\/www.fff.fr\/equipe-nationale\/joueur\/7360-lavallee-lucas\/fiche.html\" target=\"_blank\" rel=\"noopener\">Lucas Lavall\u00e9e<\/a> (LB Ch\u00e2teauroux, gardien de but, 22 ans)<\/strong> : pass\u00e9 par les s\u00e9lections de jeunes, le natif d&rsquo;Armenti\u00e8res (Hauts-de-France) a pris une autre dimension cette saison dans les cages de Ch\u00e2teauroux. En septembre, il a multipli\u00e9 les parades pour permettre \u00e0 la Berrichonne de remporter ses deux premiers matches de la saison et de rester invaincue sur la p\u00e9riode (2 nuls).\u00a0<\/p>\n<p>\u25ba <strong>Idrissa Seydi (FC Rouen, ailier, 27 ans)<\/strong> : arriv\u00e9 en provenance d&rsquo;Avranches dans les derni\u00e8res heures du mercato, le S\u00e9n\u00e9galais s&rsquo;est tr\u00e8s vite acclimat\u00e9 en Normandie. Il a disput\u00e9 trois matches en septembre (contre Le Puy, Orl\u00e9ans et Bourg) et a marqu\u00e9 \u00e0 chaque fois, permettant \u00e0 Rouen de s&rsquo;envoler en t\u00eate du classement. Celui qui peut jouer en attaque comme en d\u00e9fense sur le couloir gauche a mis tout le monde d&rsquo;accord en moins d&rsquo;un mois.\u00a0<\/p>\n<p style=\"text-align: center;\"><a href=\"https:\/\/www.fff.fr\/competition\/engagement\/425640-national\/phase\/1\/index.html\" target=\"_blank\" rel=\"noopener\"><strong>Le National sur FFF.FR<\/strong><\/a><\/p>\n<p>Le palmar\u00e8s<\/p>\n<p class=\"light\"><strong>Saison 2025-2026<\/strong><\/p>\n<p class=\"light\"><strong>Saison 2024-2025<\/strong><\/p>\n<p class=\"light\"><strong>Saison 2023-2024<\/strong><\/p>\n<ul>\n<li class=\"light\">Avril 2024 : <strong>Cyriaque Iri\u00e9<\/strong> (Dijon FCO)<\/li>\n<li class=\"light\">Mars 2024 : <strong>Diawoye Diarra<\/strong> (Marignane Gignac C\u00f4te Bleue FC)<\/li>\n<li class=\"light\">F\u00e9vrier 2024 : <strong>Tyrone Tormin<\/strong> (Chamois Niortais FC)<\/li>\n<li class=\"light\">D\u00e9cembre 2023-janvier 2024 : <strong>Noah Fatar<\/strong> (FC Sochaux-Montb\u00e9liard)<\/li>\n<li class=\"light\">Novembre 2023 : <strong>Esteban Lepaul<\/strong> (SAS \u00c9pinal)<\/li>\n<li class=\"light\">Octobre 2023 : <strong>K\u00e9vin Hoggas<\/strong> (FC Sochaux-Montb\u00e9liard)<\/li>\n<li class=\"light\">Septembre 2023 : <strong>Mehdi Boussa\u00efd<\/strong> (Le Mans FC)<\/li>\n<li class=\"light\">Ao\u00fbt 2023 : <strong>Geoffray Durbant<\/strong> (LB de Ch\u00e2teauroux)<\/li>\n<\/ul>\n<p class=\"light\"><strong>Saison 2022-2023<\/strong><\/p>\n<ul>\n<li class=\"light\">Avril 2023 : <strong>Rayan Ghrieb<\/strong> (USL Dunkerque)<\/li>\n<li class=\"light\">Mars 2023 : <strong>Rayan Ghrieb<\/strong> (USL Dunkerque)<\/li>\n<li class=\"light\">F\u00e9vrier 2023 : <strong>Jeremain Lens<\/strong> (FC Versailles 78)<\/li>\n<li class=\"light\">Janvier 2023 : <strong>Hicham Benka\u00efd<\/strong> (Stade Briochin)<\/li>\n<li class=\"light\">D\u00e9cembre 2022 : <strong>Zakaria Fdaouch<\/strong> (FC Martigues)<\/li>\n<li class=\"light\">Novembre 2022 : <strong>Amine Hemia<\/strong> (FC Martigues)<\/li>\n<li class=\"light\">Octobre 2022 : <strong>Amine Boutrah<\/strong> (US Concarneau)<\/li>\n<li class=\"light\">Septembre 2022 : <strong>Armand Gnanduillet<\/strong> (Le Mans FC)<\/li>\n<li class=\"light\">Ao\u00fbt 2022 : <strong>Amine Boutrah<\/strong> (US Concarneau)<\/li>\n<\/ul>\n<p class=\"light\"><strong>Saison 2021-2022<\/strong><\/p>\n<ul>\n<li class=\"light\">Avril 2022 : <strong>Simon Elisor<\/strong> (FC Villefranche Beaujolais)<\/li>\n<li class=\"light\">Mars 2022 : <strong>Kader N&rsquo;Chobi<\/strong> (Stade Lavallois MFC)<\/li>\n<li class=\"light\">F\u00e9vrier 2022 : <strong>Alexandre Ramalingom<\/strong> (CS Sedan-Ardennes)<\/li>\n<li class=\"light\">Janvier 2022 :<strong> Julien Maggiotti<\/strong> (Stade Lavallois MFC)<\/li>\n<li class=\"light\">D\u00e9cembre 2021 : <strong>Bryan Goncalves<\/strong> (Stade Lavallois MFC)<\/li>\n<li class=\"light\">Novembre 2021 : <strong>Steve Solvet<\/strong> (FC S\u00e8te 34)<\/li>\n<li class=\"light\">Octobre 2021 : <strong>Fahd El Khoumisti<\/strong> (US Concarneau)<\/li>\n<li class=\"light\">Septembre 2021 : <strong>Geoffray Durbant<\/strong> (Stade Lavallois MFC)<\/li>\n<li class=\"light\">Ao\u00fbt 2021 : <strong>Fahd El Khoumisti<\/strong> (US Concarneau)<\/li>\n<\/ul>\n<p class=\"light\"><strong>Saison 2020-2021<\/strong><\/p>\n<ul>\n<li class=\"light\">Avril 2021 : <strong>Ottman Dadoune<\/strong> (Quevilly Rouen M\u00e9tropole)<\/li>\n<li class=\"light\">Mars 2021 : <strong>Tristan Boubaya<\/strong> (US Concarneau)<\/li>\n<li class=\"light\">F\u00e9vrier 2021 : <strong>Antony Robic<\/strong> (SC Bastia)<\/li>\n<li class=\"light\">Janvier 2021 : <strong>Wilson Isidor<\/strong> (FC Bastia Borgo)<\/li>\n<\/ul>\n","protected":false},"excerpt":{"rendered":"Karim Chaban (Aubagne Air Bel), Ylan El Hadary (Valenciennes), Lucas Lavalee (Ch\u00e2teauroux) et Idrissa Seydi (Rouen) sont les&hellip;\n","protected":false},"author":2,"featured_media":443229,"comment_status":"","ping_status":"","sticky":false,"template":"","format":"standard","meta":{"footnotes":""},"categories":[9587],"tags":[1111,11,1777,674,85,1011,27,12,5161,25,9590],"class_list":{"0":"post-443228","1":"post","2":"type-post","3":"status-publish","4":"format-standard","5":"has-post-thumbnail","7":"category-rouen","8":"tag-actu","9":"tag-actualites","10":"tag-eu","11":"tag-europe","12":"tag-fff","13":"tag-fr","14":"tag-france","15":"tag-news","16":"tag-normandie","17":"tag-republique-francaise","18":"tag-rouen"},"share_on_mastodon":{"url":"https:\/\/pubeurope.com\/@fr\/115328149359428766","error":""},"_links":{"self":[{"href":"https:\/\/www.europesays.com\/fr\/wp-json\/wp\/v2\/posts\/443228","targetHints":{"allow":["GET"]}}],"collection":[{"href":"https:\/\/www.europesays.com\/fr\/wp-json\/wp\/v2\/posts"}],"about":[{"href":"https:\/\/www.europesays.com\/fr\/wp-json\/wp\/v2\/types\/post"}],"author":[{"embeddable":true,"href":"https:\/\/www.europesays.com\/fr\/wp-json\/wp\/v2\/users\/2"}],"replies":[{"embeddable":true,"href":"https:\/\/www.europesays.com\/fr\/wp-json\/wp\/v2\/comments?post=443228"}],"version-history":[{"count":0,"href":"https:\/\/www.europesays.com\/fr\/wp-json\/wp\/v2\/posts\/443228\/revisions"}],"wp:featuredmedia":[{"embeddable":true,"href":"https:\/\/www.europesays.com\/fr\/wp-json\/wp\/v2\/media\/443229"}],"wp:attachment":[{"href":"https:\/\/www.europesays.com\/fr\/wp-json\/wp\/v2\/media?parent=443228"}],"wp:term":[{"taxonomy":"category","embeddable":true,"href":"https:\/\/www.europesays.com\/fr\/wp-json\/wp\/v2\/categories?post=443228"},{"taxonomy":"post_tag","embeddable":true,"href":"https:\/\/www.europesays.com\/fr\/wp-json\/wp\/v2\/tags?post=443228"}],"curies":[{"name":"wp","href":"https:\/\/api.w.org\/{rel}","templated":true}]}}