{"id":443234,"date":"2025-10-06T16:26:12","date_gmt":"2025-10-06T16:26:12","guid":{"rendered":"https:\/\/www.europesays.com\/fr\/443234\/"},"modified":"2025-10-06T16:26:12","modified_gmt":"2025-10-06T16:26:12","slug":"la-circulation-est-tres-difficile-sur-la-rocade-de-rennes-plus-de-20-km-de-bouchons-en-cumule-ce-lundi","status":"publish","type":"post","link":"https:\/\/www.europesays.com\/fr\/443234\/","title":{"rendered":"La circulation est tr\u00e8s difficile sur la rocade de Rennes\u00a0: plus de 20\u00a0km de bouchons en cumul\u00e9 ce lundi"},"content":{"rendered":"<p>D\u00e9but de semaine compliqu\u00e9 pour les automobilistes \u00e0 Rennes. Ce lundi 6 octobre, la circulation \u00e9tait particuli\u00e8rement difficile sur la rocade. D\u2019apr\u00e8s Bison Fut\u00e9, plus de 20 kilom\u00e8tres de bouchons en cumul\u00e9 \u00e9taient observ\u00e9s \u00e0 18 h.<\/p>\n<p>Les principales difficult\u00e9s se concentrent sur les portions ouest et sud de la rocade ext\u00e9rieure avec un bouchon de 11 kilom\u00e8tres qui s\u2019est form\u00e9 \u00e0 la suite d\u2019un accident entre trois v\u00e9hicules au niveau de la porte de Br\u00e9quigny. Un autre embouteillage d\u2019environ 7 kilom\u00e8tres est \u00e9galement en cours dans le sens int\u00e9rieur entre les portes de Saint-Nazaire et Villejean.<\/p>\n","protected":false},"excerpt":{"rendered":"D\u00e9but de semaine compliqu\u00e9 pour les automobilistes \u00e0 Rennes. Ce lundi 6 octobre, la circulation \u00e9tait particuli\u00e8rement difficile&hellip;\n","protected":false},"author":2,"featured_media":443235,"comment_status":"","ping_status":"","sticky":false,"template":"","format":"standard","meta":{"footnotes":""},"categories":[2821],"tags":[1111,11,829,21017,1777,674,1011,27,848,12,584,25],"class_list":{"0":"post-443234","1":"post","2":"type-post","3":"status-publish","4":"format-standard","5":"has-post-thumbnail","7":"category-rennes","8":"tag-actu","9":"tag-actualites","10":"tag-bretagne","11":"tag-deplacements-a-rennes","12":"tag-eu","13":"tag-europe","14":"tag-fr","15":"tag-france","16":"tag-ille-et-vilaine","17":"tag-news","18":"tag-rennes","19":"tag-republique-francaise"},"share_on_mastodon":{"url":"https:\/\/pubeurope.com\/@fr\/115328161201280657","error":""},"_links":{"self":[{"href":"https:\/\/www.europesays.com\/fr\/wp-json\/wp\/v2\/posts\/443234","targetHints":{"allow":["GET"]}}],"collection":[{"href":"https:\/\/www.europesays.com\/fr\/wp-json\/wp\/v2\/posts"}],"about":[{"href":"https:\/\/www.europesays.com\/fr\/wp-json\/wp\/v2\/types\/post"}],"author":[{"embeddable":true,"href":"https:\/\/www.europesays.com\/fr\/wp-json\/wp\/v2\/users\/2"}],"replies":[{"embeddable":true,"href":"https:\/\/www.europesays.com\/fr\/wp-json\/wp\/v2\/comments?post=443234"}],"version-history":[{"count":0,"href":"https:\/\/www.europesays.com\/fr\/wp-json\/wp\/v2\/posts\/443234\/revisions"}],"wp:featuredmedia":[{"embeddable":true,"href":"https:\/\/www.europesays.com\/fr\/wp-json\/wp\/v2\/media\/443235"}],"wp:attachment":[{"href":"https:\/\/www.europesays.com\/fr\/wp-json\/wp\/v2\/media?parent=443234"}],"wp:term":[{"taxonomy":"category","embeddable":true,"href":"https:\/\/www.europesays.com\/fr\/wp-json\/wp\/v2\/categories?post=443234"},{"taxonomy":"post_tag","embeddable":true,"href":"https:\/\/www.europesays.com\/fr\/wp-json\/wp\/v2\/tags?post=443234"}],"curies":[{"name":"wp","href":"https:\/\/api.w.org\/{rel}","templated":true}]}}