{"id":443238,"date":"2025-10-06T16:28:14","date_gmt":"2025-10-06T16:28:14","guid":{"rendered":"https:\/\/www.europesays.com\/fr\/443238\/"},"modified":"2025-10-06T16:28:14","modified_gmt":"2025-10-06T16:28:14","slug":"strasbourg-proprietaires-et-agents-immobiliers-fustigent-le-permis-de-louer","status":"publish","type":"post","link":"https:\/\/www.europesays.com\/fr\/443238\/","title":{"rendered":"Strasbourg. Propri\u00e9taires et agents immobiliers fustigent le permis de louer"},"content":{"rendered":"<p>\u00c0 ce jour, seul le vote d\u2019une d\u00e9lib\u00e9ration en conseil municipal donne corps <a href=\"https:\/\/www.dna.fr\/societe\/2025\/06\/19\/prevenir-le-logement-indigne-le-permis-de-louer-arrive-quartier-gare-en-mai-2026\" target=\"_blank\" rel=\"nofollow noopener\">au fameux permis de louer<\/a> \u00e0 Strasbourg. Les \u00e9lus en charge de cette question Suzanne Brolly et Aur\u00e9lien Bonnarel d\u00e9marrent, en ce mois de septembre, des r\u00e9unions de calage dans les services, d\u2019o\u00f9 doit notamment d\u00e9couler un agenda d\u2019information aux habitants et de \u00ab\u00a0rencontres bilat\u00e9rales\u00a0\u00bb avec les propri\u00e9taires et les professionnels.<\/p>\n<p>\u00ab\u00a0On nous applique une disposition suspicieuse et vexatoire\u00a0\u00bb, r\u00e9agit la Chambre syndicale des propri\u00e9taires immobiliers (CSPI) du Bas-Rhin dans un article tr\u00e8s offensif r\u00e9dig\u00e9 pour sa publication trimestrielle&#8230;.<\/p>\n","protected":false},"excerpt":{"rendered":"\u00c0 ce jour, seul le vote d\u2019une d\u00e9lib\u00e9ration en conseil municipal donne corps au fameux permis de louer&hellip;\n","protected":false},"author":2,"featured_media":443239,"comment_status":"","ping_status":"","sticky":false,"template":"","format":"standard","meta":{"footnotes":""},"categories":[2820],"tags":[1111,11,2389,2649,33,2880,1777,674,107,1011,27,775,1116,12,25,640,2879],"class_list":{"0":"post-443238","1":"post","2":"type-post","3":"status-publish","4":"format-standard","5":"has-post-thumbnail","7":"category-strasbourg","8":"tag-actu","9":"tag-actualites","10":"tag-alsace","11":"tag-bas-rhin","12":"tag-economie","13":"tag-edition-strasbourg","14":"tag-eu","15":"tag-europe","16":"tag-fil-info","17":"tag-fr","18":"tag-france","19":"tag-grand-est","20":"tag-immobilier","21":"tag-news","22":"tag-republique-francaise","23":"tag-strasbourg","24":"tag-strasbourg-ville"},"share_on_mastodon":{"url":"https:\/\/pubeurope.com\/@fr\/115328169141927267","error":""},"_links":{"self":[{"href":"https:\/\/www.europesays.com\/fr\/wp-json\/wp\/v2\/posts\/443238","targetHints":{"allow":["GET"]}}],"collection":[{"href":"https:\/\/www.europesays.com\/fr\/wp-json\/wp\/v2\/posts"}],"about":[{"href":"https:\/\/www.europesays.com\/fr\/wp-json\/wp\/v2\/types\/post"}],"author":[{"embeddable":true,"href":"https:\/\/www.europesays.com\/fr\/wp-json\/wp\/v2\/users\/2"}],"replies":[{"embeddable":true,"href":"https:\/\/www.europesays.com\/fr\/wp-json\/wp\/v2\/comments?post=443238"}],"version-history":[{"count":0,"href":"https:\/\/www.europesays.com\/fr\/wp-json\/wp\/v2\/posts\/443238\/revisions"}],"wp:featuredmedia":[{"embeddable":true,"href":"https:\/\/www.europesays.com\/fr\/wp-json\/wp\/v2\/media\/443239"}],"wp:attachment":[{"href":"https:\/\/www.europesays.com\/fr\/wp-json\/wp\/v2\/media?parent=443238"}],"wp:term":[{"taxonomy":"category","embeddable":true,"href":"https:\/\/www.europesays.com\/fr\/wp-json\/wp\/v2\/categories?post=443238"},{"taxonomy":"post_tag","embeddable":true,"href":"https:\/\/www.europesays.com\/fr\/wp-json\/wp\/v2\/tags?post=443238"}],"curies":[{"name":"wp","href":"https:\/\/api.w.org\/{rel}","templated":true}]}}