{"id":443244,"date":"2025-10-06T16:31:10","date_gmt":"2025-10-06T16:31:10","guid":{"rendered":"https:\/\/www.europesays.com\/fr\/443244\/"},"modified":"2025-10-06T16:31:10","modified_gmt":"2025-10-06T16:31:10","slug":"pourquoi-la8-est-paralysee-ce-lundi-soir-entre-nice-et-cannes","status":"publish","type":"post","link":"https:\/\/www.europesays.com\/fr\/443244\/","title":{"rendered":"Pourquoi l\u2019A8 est paralys\u00e9e ce lundi soir entre Nice et Cannes ?"},"content":{"rendered":"<p itemprop=\"description\">Un accident survenu cet apr\u00e8s-midi sur l\u2019A8 entre Antibes et Cannes a provoqu\u00e9 jusqu\u2019\u00e0 17 km de bouchon. Bien que l\u2019intervention soit termin\u00e9e, la circulation reste difficile entre Nice, Antibes et Cannes. Le trafic reprend lentement, mais les axes secondaires sont \u00e9galement satur\u00e9s, notamment vers Sophia Antipolis.<\/p>\n<p>        Ce lundi apr\u00e8s-midi, un accident impliquant un minibus et un fourgon a provoqu\u00e9 une paralysie quasi totale de l\u2019autoroute A8 entre Antibes et Cannes. L\u2019intervention des secours a n\u00e9cessit\u00e9 deux coupures temporaires de la circulation, dont la derni\u00e8re en fin d\u2019apr\u00e8s-midi. Le minibus, couch\u00e9 sur les voies, a mobilis\u00e9 d\u2019importants moyens de d\u00e9sincarc\u00e9ration et de d\u00e9pannage.<\/p>\n<p>Si l\u2019accident est d\u00e9sormais termin\u00e9, ses cons\u00e9quences sur le trafic se font encore sentir. Le bouchon a atteint jusqu\u2019\u00e0 17 kilom\u00e8tres, d\u00e9butant d\u00e8s Saint-Laurent-du-Var et englobant le p\u00e9age d\u2019Antibes. Au pic de la difficult\u00e9, les automobilistes ont d\u00fb patienter jusqu\u2019\u00e0 2h30 pour traverser cette zone. En pleine heure de pointe, la circulation reste tr\u00e8s ralentie, bien que les temps de parcours commencent \u00e0 diminuer significativement. La fluidit\u00e9 compl\u00e8te ne devrait pas revenir avant la d\u00e9but de soir\u00e9e.    <\/p>\n","protected":false},"excerpt":{"rendered":"Un accident survenu cet apr\u00e8s-midi sur l\u2019A8 entre Antibes et Cannes a provoqu\u00e9 jusqu\u2019\u00e0 17 km de bouchon.&hellip;\n","protected":false},"author":2,"featured_media":155453,"comment_status":"","ping_status":"","sticky":false,"template":"","format":"standard","meta":{"footnotes":""},"categories":[2819],"tags":[119,1111,11,6029,31783,7306,2834,1777,674,1011,27,9865,12,2401,56953,882,25,3467,56954],"class_list":{"0":"post-443244","1":"post","2":"type-post","3":"status-publish","4":"format-standard","5":"has-post-thumbnail","7":"category-nice","8":"tag-accident","9":"tag-actu","10":"tag-actualites","11":"tag-antibes","12":"tag-apres-midi","13":"tag-cannes","14":"tag-entre","15":"tag-eu","16":"tag-europe","17":"tag-fr","18":"tag-france","19":"tag-lundi","20":"tag-news","21":"tag-nice","22":"tag-paralysee","23":"tag-provence-alpes-cote-dazur","24":"tag-republique-francaise","25":"tag-soir","26":"tag-survenu"},"share_on_mastodon":{"url":"https:\/\/pubeurope.com\/@fr\/115328180824703326","error":""},"_links":{"self":[{"href":"https:\/\/www.europesays.com\/fr\/wp-json\/wp\/v2\/posts\/443244","targetHints":{"allow":["GET"]}}],"collection":[{"href":"https:\/\/www.europesays.com\/fr\/wp-json\/wp\/v2\/posts"}],"about":[{"href":"https:\/\/www.europesays.com\/fr\/wp-json\/wp\/v2\/types\/post"}],"author":[{"embeddable":true,"href":"https:\/\/www.europesays.com\/fr\/wp-json\/wp\/v2\/users\/2"}],"replies":[{"embeddable":true,"href":"https:\/\/www.europesays.com\/fr\/wp-json\/wp\/v2\/comments?post=443244"}],"version-history":[{"count":0,"href":"https:\/\/www.europesays.com\/fr\/wp-json\/wp\/v2\/posts\/443244\/revisions"}],"wp:featuredmedia":[{"embeddable":true,"href":"https:\/\/www.europesays.com\/fr\/wp-json\/wp\/v2\/media\/155453"}],"wp:attachment":[{"href":"https:\/\/www.europesays.com\/fr\/wp-json\/wp\/v2\/media?parent=443244"}],"wp:term":[{"taxonomy":"category","embeddable":true,"href":"https:\/\/www.europesays.com\/fr\/wp-json\/wp\/v2\/categories?post=443244"},{"taxonomy":"post_tag","embeddable":true,"href":"https:\/\/www.europesays.com\/fr\/wp-json\/wp\/v2\/tags?post=443244"}],"curies":[{"name":"wp","href":"https:\/\/api.w.org\/{rel}","templated":true}]}}