{"id":443245,"date":"2025-10-06T16:32:29","date_gmt":"2025-10-06T16:32:29","guid":{"rendered":"https:\/\/www.europesays.com\/fr\/443245\/"},"modified":"2025-10-06T16:32:29","modified_gmt":"2025-10-06T16:32:29","slug":"pourquoi-un-auditeur-nantais-a-finalement-vu-son-gain-annule-par-la-radio","status":"publish","type":"post","link":"https:\/\/www.europesays.com\/fr\/443245\/","title":{"rendered":"pourquoi un auditeur nantais a finalement vu son gain annul\u00e9 par la radio"},"content":{"rendered":"<p>Grosse d\u00e9ception pour un jeune homme \u00e2g\u00e9 de 27\u00a0ans, r\u00e9sidant \u00e0 Nantes (<a target=\"_self\" href=\"https:\/\/www.lanouvellerepublique.fr\/loire-atlantique\" rel=\"noopener\">Loire-Atlantique<\/a>). Vendredi 19\u00a0septembre 2025 au matin, ce fid\u00e8le auditeur de la radio NRJ a envoy\u00e9 trois textos surtax\u00e9s afin de participer \u00e0 un concours, raconte <a target=\"_blank\" href=\"https:\/\/www.ouest-france.fr\/medias\/radio\/nrj-double-votre-salaire-la-desillusion-dun-gagnant-nantais-qui-na-jamais-recu-largent-ed9144da-9ee9-11f0-9269-ac82a639081c\" rel=\"noopener\">Ouest-France<\/a>. Le principe\u00a0: \u00eatre s\u00e9lectionn\u00e9 par la r\u00e9gie pour donner \u00e0 l\u2019antenne le pr\u00e9nom de l\u2019animateur, Manu\u2026 et avoir ainsi la chance de voir son salaire doubl\u00e9.<\/p>\n<p>Le participant, qui joue r\u00e9guli\u00e8rement depuis huit ans, a eu l\u2019heureuse surprise de voir sa pers\u00e9v\u00e9rance payer ce jour-l\u00e0. Il a ainsi appris en direct qu\u2019il allait remporter la somme de 1.872\u00a0euros, soit le montant net qu\u2019il re\u00e7oit chaque mois sur son compte en banque pour son travail de dessinateur en b\u00e2timent. Une aubaine pour celui qui cherche actuellement \u00e0 financer son mariage.<\/p>\n<p>Un probl\u00e8me de pr\u00e9l\u00e8vement \u00e0 la source<\/p>\n<p>Malheureusement, dix jours plus tard, la r\u00e9gie lui annonce qu\u2019il ne recevra rien. En effet, le r\u00e8glement du jeu stipule qu\u2019il faut toucher moins de 2.000\u00a0euros pour participer. Alors que le contrat de l\u2019employ\u00e9 indique qu\u2019il est pay\u00e9 2.079\u00a0euros\u2026 avant pr\u00e9l\u00e8vement \u00e0 la source des imp\u00f4ts. Incompr\u00e9hension et d\u00e9ception pour le jeune homme, qui n\u2019\u00e9tait pas au courant de ces conditions, et ne comprend pas pourquoi la standardiste ne lui a pas pos\u00e9 plus de questions avant de le faire passer \u00e0 l\u2019antenne.<\/p>\n<p>Du c\u00f4t\u00e9 de NRJ, on rappelle qu&rsquo;\u00ab\u00a0il ne serait pas possible de lister \u00e0 l\u2019antenne les limites ainsi que toutes les autres conditions de participation\u00a0\u00bb (onze pages \u00e0 lire sur le site de la radio). Pas de quoi convaincre le gagnant d\u00e9\u00e7u, qui a d\u00e9cid\u00e9 de saisir l\u2019Arcom et SignalConso afin d\u2019obtenir malgr\u00e9 tout gain de cause.<\/p>\n","protected":false},"excerpt":{"rendered":"Grosse d\u00e9ception pour un jeune homme \u00e2g\u00e9 de 27\u00a0ans, r\u00e9sidant \u00e0 Nantes (Loire-Atlantique). Vendredi 19\u00a0septembre 2025 au matin,&hellip;\n","protected":false},"author":2,"featured_media":443246,"comment_status":"","ping_status":"","sticky":false,"template":"","format":"standard","meta":{"footnotes":""},"categories":[2818],"tags":[328,1111,11,1674,1777,674,1011,27,3047,500,766,12,2636,1825,25],"class_list":{"0":"post-443245","1":"post","2":"type-post","3":"status-publish","4":"format-standard","5":"has-post-thumbnail","7":"category-nantes","8":"tag-a-la-une","9":"tag-actu","10":"tag-actualites","11":"tag-communes","12":"tag-eu","13":"tag-europe","14":"tag-fr","15":"tag-france","16":"tag-loire-atlantique","17":"tag-medias","18":"tag-nantes","19":"tag-news","20":"tag-pays-de-la-loire","21":"tag-radio","22":"tag-republique-francaise"},"share_on_mastodon":{"url":"https:\/\/pubeurope.com\/@fr\/115328184785935417","error":""},"_links":{"self":[{"href":"https:\/\/www.europesays.com\/fr\/wp-json\/wp\/v2\/posts\/443245","targetHints":{"allow":["GET"]}}],"collection":[{"href":"https:\/\/www.europesays.com\/fr\/wp-json\/wp\/v2\/posts"}],"about":[{"href":"https:\/\/www.europesays.com\/fr\/wp-json\/wp\/v2\/types\/post"}],"author":[{"embeddable":true,"href":"https:\/\/www.europesays.com\/fr\/wp-json\/wp\/v2\/users\/2"}],"replies":[{"embeddable":true,"href":"https:\/\/www.europesays.com\/fr\/wp-json\/wp\/v2\/comments?post=443245"}],"version-history":[{"count":0,"href":"https:\/\/www.europesays.com\/fr\/wp-json\/wp\/v2\/posts\/443245\/revisions"}],"wp:featuredmedia":[{"embeddable":true,"href":"https:\/\/www.europesays.com\/fr\/wp-json\/wp\/v2\/media\/443246"}],"wp:attachment":[{"href":"https:\/\/www.europesays.com\/fr\/wp-json\/wp\/v2\/media?parent=443245"}],"wp:term":[{"taxonomy":"category","embeddable":true,"href":"https:\/\/www.europesays.com\/fr\/wp-json\/wp\/v2\/categories?post=443245"},{"taxonomy":"post_tag","embeddable":true,"href":"https:\/\/www.europesays.com\/fr\/wp-json\/wp\/v2\/tags?post=443245"}],"curies":[{"name":"wp","href":"https:\/\/api.w.org\/{rel}","templated":true}]}}