{"id":443247,"date":"2025-10-06T16:33:12","date_gmt":"2025-10-06T16:33:12","guid":{"rendered":"https:\/\/www.europesays.com\/fr\/443247\/"},"modified":"2025-10-06T16:33:12","modified_gmt":"2025-10-06T16:33:12","slug":"la-situation-est-affligeante-denonce-johanna-rolland","status":"publish","type":"post","link":"https:\/\/www.europesays.com\/fr\/443247\/","title":{"rendered":"la situation est \u00ab\u00a0affligeante\u00a0\u00bb d\u00e9nonce Johanna Rolland"},"content":{"rendered":"<p>            Par<br \/>\n        <strong><br \/>\n            <a href=\"https:\/\/actu.fr\/auteur\/laure-gentil\" title=\"Consulter tous les articles de Laure Gentil\" target=\"_blank\" rel=\"noopener\">Laure Gentil<\/a><br \/>\n        <\/strong><\/p>\n<p>        Publi\u00e9 le<\/p>\n<p>            6 oct. 2025 \u00e0 18h07        <\/p>\n<p>Nomm\u00e9 Premier ministre il y a seulement 27\u00a0jours,<strong> S\u00e9bastien Lecornu<\/strong> s\u2019avoue d\u00e9j\u00e0 vaincu.<a href=\"https:\/\/actu.fr\/politique\/demission-de-sebastien-lecornu-aberrant-j-enrage-ces-electeurs-desabuses-par-la-crise-politique_63258550.html\" target=\"_blank\" rel=\"noopener\"> Il a pr\u00e9sent\u00e9 sa d\u00e9mission \u00e0 Emmanuel Macron<\/a> ce <strong>lundi 6\u00a0octobre,<\/strong> quelques heures apr\u00e8s avoir d\u00e9voil\u00e9 la liste de ses ministres, plongeant la politique fran\u00e7aise dans l\u2019inconnu.<\/p>\n<p class=\" wall-content\"><strong>Johanna Rolland<\/strong>, <a href=\"https:\/\/actu.fr\/pays-de-la-loire\/nantes_44109\/je-ne-mache-pas-mes-mots-portrait-de-johanna-rolland-premiere-femme-maire-de-nantes_62902956.html\" target=\"_blank\" rel=\"noopener\">maire de Nantes et num\u00e9ro deux du Parti Socialiste<\/a>, n\u2019a pas communiqu\u00e9 la position du parti \u00e0 la rose, toujours r\u00e9uni en bureau national ce lundi mais n\u2019a pas cach\u00e9 sa consternation personnelle face \u00e0 la situation.<\/p>\n<p>La \u00ab\u2009responsabilit\u00e9 lourde\u2009\u00bb d\u2019Emmanuel Macron<\/p>\n<p class=\" wall-content\">\u00ab\u2009Nous sommes dans une situation particuli\u00e8rement grave\u2009\u00bb, a-t-elle d\u00e9clar\u00e9. \u00ab\u2009Quand j\u2019\u00e9change avec les habitantes et les habitants, le mot que j\u2019entends le plus, c\u2019est \u2018constern\u00e9\u2019\u2009\u00bb.<\/p>\n<blockquote class=\"ac-article-quote wall-content\">\n<p>Je crois que tout le monde doit mesurer ce ressenti face \u00e0 une situation qui, \u00e0 bien des \u00e9gards, semble assez affligeante.<\/p>\n<p>    <strong>Johanna Rolland<\/strong><br \/>\n        Maire de Nantes    <\/p><\/blockquote>\n<p class=\" wall-content\">Du c\u00f4t\u00e9 de la France Insoumise, <strong>Jean-Luc M\u00e9lenchon<\/strong> a propos\u00e9 sur X une rencontre ce lundi avec les autres partis de gauche. \u00ab\u2009Je suis \u00e0 Nantes et le parti socialiste ne sera pas pr\u00e9sent \u00e0 ce temps\u2009\u00bb, a ass\u00e9n\u00e9 Johanna Rolland, lapidaire. Refus \u00e9galement du c\u00f4t\u00e9 des \u00c9cologistes. <a href=\"https:\/\/actu.fr\/politique\/direct-demission-de-sebastien-lecornu-reactions-craintes-d-une-dissolution-suivez-la-situation_63258613.html\" target=\"_blank\" rel=\"noopener\">Sur BFMTV, Marine Tondelier a d\u00e9clar\u00e9 que cette r\u00e9union \u00ab\u2009n\u2019aura pas lieu\u2009\u00bb.<\/a><\/p>\n<p class=\" wall-content\">\u00ab\u2009\u00c7a para\u00eet assez \u00e9vident que le Parti socialiste [\u2026] ne va pas accourir chez La France insoumise comme si de rien n\u2019\u00e9tait. Ce qui a \u00e9t\u00e9 dit et fait ces derniers temps laisse des traces\u2009\u00bb, a expliqu\u00e9 la cheffe des Verts.<\/p>\n<p>Votre r\u00e9gion, votre actu !<\/p>\n<p>Recevez chaque jour les infos qui comptent pour vous.<\/p>\n<p>\t<a href=\"https:\/\/actu.fr\/newsletter\" class=\"ac-btn ac-btn--corner ac-btn--medium ac-btn--blue800\" target=\"_blank\" rel=\"noopener\">S&rsquo;incrire<\/a><br \/>\nDissolution ou d\u00e9mission\u2009?<\/p>\n<p class=\" wall-content\">Johanna Rolland l\u2019assure, Emmanuel Macron, le pr\u00e9sident de la R\u00e9publique, porte \u00ab\u2009une responsabilit\u00e9 lourde, en s\u2019ent\u00eatant dans un positionnement solitaire, minoritaire, obstin\u00e9, en refusant de reconna\u00eetre \u00e9tape apr\u00e8s \u00e9tape les r\u00e9sultats successifs des diff\u00e9rentes \u00e9lections\u2009\u00bb.<\/p>\n<p class=\" wall-content\">Mais l\u2019\u00e9dile n\u2019appelle ni \u00e0 la dissolution de l\u2019Assembl\u00e9e nationale ni \u00e0 la d\u00e9mission du Pr\u00e9sident. Elle demande toutefois \u00e0 ce que ce dernier se tourne \u00ab\u2009enfin\u2009\u00bb vers la gauche. \u00ab\u2009La gauche et les \u00e9cologistes, je n\u2019en doute pas, sauront prendre leurs responsabilit\u00e9s\u2009\u00bb, a-t-elle indiqu\u00e9.<\/p>\n<p class=\" wall-content\">\n<p class=\" wall-content\">La <strong>droite nantaise<\/strong> s\u2019annonce moins cat\u00e9gorique et plus partag\u00e9e. La s\u00e9natrice de Loire-Atlantique, Laurence Garnier (Les R\u00e9publicains) <a href=\"https:\/\/x.com\/LGarnier44\/status\/1975205195249312240\">a clairement annonc\u00e9 sur X<\/a> son souhait de voir un \u00ab\u2009retour aux urnes\u2009\u00bb sans pr\u00e9ciser lesquelles.<\/p>\n<blockquote class=\"ac-article-quote wall-content\">\n<p>Il revient au Pr\u00e9sident de la R\u00e9publique de tirer les conclusions de la situation qu\u2019il a lui-m\u00eame cr\u00e9\u00e9e.<\/p>\n<p>    <strong>Laurence Garnier<\/strong><br \/>\n        S\u00e9natrice LR de Loire-Atlantique    <\/p><\/blockquote>\n<p class=\" wall-content\"><strong>Julien Bainvel,<\/strong><a href=\"https:\/\/actu.fr\/pays-de-la-loire\/nantes_44109\/municipales-2026-a-nantes-foulques-chombart-de-lauwe-choisi-par-les-electeurs-de-droite_63098647.html\" target=\"_blank\" rel=\"noopener\"> ex-candidat LR aux municipales 2026 de Nantes<\/a>, demande, lui, la d\u00e9mission d\u2019Emmanuel Macron.<\/p>\n<p class=\" wall-content\">\n<p class=\" wall-content\"><strong>Foulques Chombart\u00a0de\u00a0Lauwe<\/strong>, candidat officiel de la droite aux municipales, n\u2019a pour l\u2019instant pas r\u00e9agi.<\/p>\n<p class=\" wall-content\">Personnalisez votre actualit\u00e9 en ajoutant vos villes et m\u00e9dias en favori avec <a href=\"https:\/\/moncompte.actu.fr\" title=\"D\u00e9couvez Mon Actu\" rel=\"nofollow noopener\" data-trk=\"{&quot;cta&quot;:{&quot;action&quot;:&quot;https:\\\/\\\/moncompte.actu.fr&quot;,&quot;category&quot;:&quot;mon compte&quot;,&quot;from&quot;:&quot;article footer&quot;,&quot;name&quot;:&quot;Mon actu&quot;,&quot;type&quot;:&quot;cta&quot;}}\" target=\"_blank\">Mon Actu<\/a>.<\/p>\n","protected":false},"excerpt":{"rendered":"Par Laure Gentil Publi\u00e9 le 6 oct. 2025 \u00e0 18h07 Nomm\u00e9 Premier ministre il y a seulement 27\u00a0jours,&hellip;\n","protected":false},"author":2,"featured_media":443248,"comment_status":"","ping_status":"","sticky":false,"template":"","format":"standard","meta":{"footnotes":""},"categories":[2818],"tags":[1111,11,1777,674,1011,27,56922,6945,766,12,2636,316,25,11067],"class_list":{"0":"post-443247","1":"post","2":"type-post","3":"status-publish","4":"format-standard","5":"has-post-thumbnail","7":"category-nantes","8":"tag-actu","9":"tag-actualites","10":"tag-eu","11":"tag-europe","12":"tag-fr","13":"tag-france","14":"tag-gouvernement-lecornu","15":"tag-johanna-rolland","16":"tag-nantes","17":"tag-news","18":"tag-pays-de-la-loire","19":"tag-politique","20":"tag-republique-francaise","21":"tag-sebastien-lecornu"},"share_on_mastodon":{"url":"https:\/\/pubeurope.com\/@fr\/115328188874457359","error":""},"_links":{"self":[{"href":"https:\/\/www.europesays.com\/fr\/wp-json\/wp\/v2\/posts\/443247","targetHints":{"allow":["GET"]}}],"collection":[{"href":"https:\/\/www.europesays.com\/fr\/wp-json\/wp\/v2\/posts"}],"about":[{"href":"https:\/\/www.europesays.com\/fr\/wp-json\/wp\/v2\/types\/post"}],"author":[{"embeddable":true,"href":"https:\/\/www.europesays.com\/fr\/wp-json\/wp\/v2\/users\/2"}],"replies":[{"embeddable":true,"href":"https:\/\/www.europesays.com\/fr\/wp-json\/wp\/v2\/comments?post=443247"}],"version-history":[{"count":0,"href":"https:\/\/www.europesays.com\/fr\/wp-json\/wp\/v2\/posts\/443247\/revisions"}],"wp:featuredmedia":[{"embeddable":true,"href":"https:\/\/www.europesays.com\/fr\/wp-json\/wp\/v2\/media\/443248"}],"wp:attachment":[{"href":"https:\/\/www.europesays.com\/fr\/wp-json\/wp\/v2\/media?parent=443247"}],"wp:term":[{"taxonomy":"category","embeddable":true,"href":"https:\/\/www.europesays.com\/fr\/wp-json\/wp\/v2\/categories?post=443247"},{"taxonomy":"post_tag","embeddable":true,"href":"https:\/\/www.europesays.com\/fr\/wp-json\/wp\/v2\/tags?post=443247"}],"curies":[{"name":"wp","href":"https:\/\/api.w.org\/{rel}","templated":true}]}}