{"id":443251,"date":"2025-10-06T16:35:13","date_gmt":"2025-10-06T16:35:13","guid":{"rendered":"https:\/\/www.europesays.com\/fr\/443251\/"},"modified":"2025-10-06T16:35:13","modified_gmt":"2025-10-06T16:35:13","slug":"la-foire-aux-plaisirs-revient-a-bordeaux-avec-une-attraction-qui-signe-son-retour-apres-trois-ans-dabsence","status":"publish","type":"post","link":"https:\/\/www.europesays.com\/fr\/443251\/","title":{"rendered":"La Foire aux plaisirs revient \u00e0 Bordeaux avec une attraction qui signe son retour apr\u00e8s trois ans d&rsquo;absence"},"content":{"rendered":"<p>            Par<br \/>\n        <strong><br \/>\n            <a href=\"https:\/\/actu.fr\/auteur\/redaction-bordeaux\" title=\"Consulter tous les articles de R\u00e9daction Bordeaux\" target=\"_blank\" rel=\"noopener\">R\u00e9daction Bordeaux<\/a><br \/>\n        <\/strong><\/p>\n<p>        Publi\u00e9 le<\/p>\n<p>            6 oct. 2025 \u00e0 16h45        <\/p>\n<p>On ne la pr\u00e9sente plus et il faudra encore patienter quelques jours avant son retour\u2009: <a href=\"https:\/\/actu.fr\/nouvelle-aquitaine\/bordeaux_33063\/la-foire-aux-plaisirs-est-bientot-de-retour-a-bordeaux-avec-trois-nouveaux-maneges-a-sensation_62266704.html\" target=\"_blank\" rel=\"noopener\">La Foire aux plaisirs<\/a> de Bordeaux r\u00e9investit <a href=\"https:\/\/actu.fr\/nouvelle-aquitaine\/bordeaux_33063\/un-veritable-four-face-a-la-chaleur-des-bordelais-s-interrogent-sur-l-avenir-de-la-place-des-quinconces_63055331.html\" target=\"_blank\" rel=\"noopener\">la place des Quinconces,<\/a> vendredi 10\u00a0octobre, pour<strong> trois semaines<\/strong>.<\/p>\n<p class=\" wall-content\">Au programme, des attractions pour tous les go\u00fbts\u2009: loopings vertigineux, <strong>palais des glaces<\/strong>, maisons de l\u2019horreur, auto-tamponneuses\u2026 Dans la liste, on compte pas moins de dix attractions \u00e0 sensations fortes pour les grands, ainsi qu\u2019<strong>un retour in\u00e9dit<\/strong>\u2009: celui du man\u00e8ge \u00ab\u2009Space Fire\u2009\u00bb qui n\u2019\u00e9tait pas revenu depuis 2022 \u00e0 Bordeaux. Le concept\u2009? Une roue qui tourne \u00e0 grande vitesse avec en fond \u00ab\u2009une sono incroyable digne des meilleures discoth\u00e8ques\u2009\u00bb.<\/p>\n<p>    <a href=\"https:\/\/www.facebook.com\/plugins\/video.php?height=476&amp;href=https%3A%2F%2Fwww.facebook.com%2Freel%2F1325871275897843%2F&amp;show_text=true&amp;width=350&amp;t=0\" title=\"Ouvrie le lien\" target=\"_blank\" rel=\"noopener\">Cliquez ici pour visualiser le contenu<\/a><\/p>\n<p class=\" wall-content\">Les plus petits, eux, tenteront leur chance pour attraper Mickey et remporter un tour gratuit de man\u00e8ge. Le<a href=\"https:\/\/foireauxplaisirs.com\/category\/attractions\/enfants\/\" target=\"_blank\" rel=\"noopener\"> site de l\u2019\u00e9v\u00e9nement<\/a> mentionne \u00e9galement dix attractions qui leur sont d\u00e9di\u00e9es. La Foire aux plaisirs animera la place jusqu\u2019au <strong>dimanche 2\u00a0novembre<\/strong> inclus.<\/p>\n<p>Un \u00e9v\u00e9nement qui remonte aux rois<\/p>\n<p class=\" wall-content\">Et pour ceux qui l\u2019auraient oubli\u00e9, cette f\u00eate populaire puise ses racines au c\u0153ur de l\u2019histoire bordelaise.<strong> Cr\u00e9\u00e9e en 1431<\/strong> par le roi d\u2019Angleterre, elle se tenait alors sur les quais, entre les places de <a href=\"https:\/\/actu.fr\/nouvelle-aquitaine\/bordeaux_33063\/a-bordeaux-l-opposition-accuse-a-tort-le-maire-d-avoir-eteint-une-des-cartes-postales-de-la-ville_61948632.html\" target=\"_blank\" rel=\"noopener\">la Bourse<\/a> et de la Monnaie. Ce sont les rois Charles VII et Charles IX qui, d\u00e8s le XVIe\u00a0si\u00e8cle, ont fix\u00e9 ses dates aux mois de mars et d\u2019octobre.<\/p>\n<p class=\" wall-content\">Deux si\u00e8cles plus tard, en 1853, la f\u00eate foraine d\u00e9m\u00e9nageait sur la place des Quinconces, o\u00f9 elle continue de s\u2019installer depuis deux fois par an.<\/p>\n<p>La Foire aux plaisirs est ouverte du 10\u00a0octobre au 2\u00a0novembre, tous les jours de 11\u00a0heures \u00e0 minuit (2\u00a0heures du matin les vendredis et samedis). Entr\u00e9e gratuite, mais attractions payantes.<\/p>\n<p class=\" wall-content\">Personnalisez votre actualit\u00e9 en ajoutant vos villes et m\u00e9dias en favori avec <a href=\"https:\/\/moncompte.actu.fr\" title=\"D\u00e9couvez Mon Actu\" rel=\"nofollow noopener\" data-trk=\"{&quot;cta&quot;:{&quot;action&quot;:&quot;https:\\\/\\\/moncompte.actu.fr&quot;,&quot;category&quot;:&quot;mon compte&quot;,&quot;from&quot;:&quot;article footer&quot;,&quot;name&quot;:&quot;Mon actu&quot;,&quot;type&quot;:&quot;cta&quot;}}\" target=\"_blank\">Mon Actu<\/a>.<\/p>\n","protected":false},"excerpt":{"rendered":"Par R\u00e9daction Bordeaux Publi\u00e9 le 6 oct. 2025 \u00e0 16h45 On ne la pr\u00e9sente plus et il faudra&hellip;\n","protected":false},"author":2,"featured_media":443252,"comment_status":"","ping_status":"","sticky":false,"template":"","format":"standard","meta":{"footnotes":""},"categories":[2817],"tags":[1111,11,1997,1777,674,11501,1011,27,12,2219,25,104],"class_list":{"0":"post-443251","1":"post","2":"type-post","3":"status-publish","4":"format-standard","5":"has-post-thumbnail","7":"category-bordeaux","8":"tag-actu","9":"tag-actualites","10":"tag-bordeaux","11":"tag-eu","12":"tag-europe","13":"tag-fete-foraine","14":"tag-fr","15":"tag-france","16":"tag-news","17":"tag-nouvelle-aquitaine","18":"tag-republique-francaise","19":"tag-societe"},"share_on_mastodon":{"url":"https:\/\/pubeurope.com\/@fr\/115328196636310215","error":""},"_links":{"self":[{"href":"https:\/\/www.europesays.com\/fr\/wp-json\/wp\/v2\/posts\/443251","targetHints":{"allow":["GET"]}}],"collection":[{"href":"https:\/\/www.europesays.com\/fr\/wp-json\/wp\/v2\/posts"}],"about":[{"href":"https:\/\/www.europesays.com\/fr\/wp-json\/wp\/v2\/types\/post"}],"author":[{"embeddable":true,"href":"https:\/\/www.europesays.com\/fr\/wp-json\/wp\/v2\/users\/2"}],"replies":[{"embeddable":true,"href":"https:\/\/www.europesays.com\/fr\/wp-json\/wp\/v2\/comments?post=443251"}],"version-history":[{"count":0,"href":"https:\/\/www.europesays.com\/fr\/wp-json\/wp\/v2\/posts\/443251\/revisions"}],"wp:featuredmedia":[{"embeddable":true,"href":"https:\/\/www.europesays.com\/fr\/wp-json\/wp\/v2\/media\/443252"}],"wp:attachment":[{"href":"https:\/\/www.europesays.com\/fr\/wp-json\/wp\/v2\/media?parent=443251"}],"wp:term":[{"taxonomy":"category","embeddable":true,"href":"https:\/\/www.europesays.com\/fr\/wp-json\/wp\/v2\/categories?post=443251"},{"taxonomy":"post_tag","embeddable":true,"href":"https:\/\/www.europesays.com\/fr\/wp-json\/wp\/v2\/tags?post=443251"}],"curies":[{"name":"wp","href":"https:\/\/api.w.org\/{rel}","templated":true}]}}