{"id":443257,"date":"2025-10-06T16:38:13","date_gmt":"2025-10-06T16:38:13","guid":{"rendered":"https:\/\/www.europesays.com\/fr\/443257\/"},"modified":"2025-10-06T16:38:13","modified_gmt":"2025-10-06T16:38:13","slug":"la-ligne-1-du-metro-de-lille-interrompue-ce-lundi-apres-un-incident-technique","status":"publish","type":"post","link":"https:\/\/www.europesays.com\/fr\/443257\/","title":{"rendered":"la ligne 1 du m\u00e9tro de Lille interrompue ce lundi apr\u00e8s un incident technique"},"content":{"rendered":"<p>            Par<br \/>\n        <strong><br \/>\n            <a href=\"https:\/\/actu.fr\/auteur\/nicolas-demollien\" title=\"Consulter tous les articles de Nicolas Demollien\" rel=\"nofollow noopener\" target=\"_blank\">Nicolas Demollien<\/a><br \/>\n        <\/strong><\/p>\n<p>        Publi\u00e9 le<\/p>\n<p>            6 oct. 2025 \u00e0 17h42<br \/>\n        ; mis \u00e0 jour le 6 oct. 2025 \u00e0 18h26    <\/p>\n<p>Moment de <b>gal\u00e8re pour de nombreux voyageurs<\/b> de la m\u00e9tropole de <a href=\"https:\/\/actu.fr\/hauts-de-france\/lille_59350\" rel=\"nofollow noopener\" target=\"_blank\">Lille<\/a> (Nord) ce lundi 6 octobre 2025. En effet, la <b>ligne 1 du m\u00e9tro<\/b> <a href=\"https:\/\/actu.fr\/tag\/ilevia\" rel=\"nofollow noopener\" target=\"_blank\">Il\u00e9via<\/a> a \u00e9t\u00e9 <b>\u00e0 l\u2019arr\u00eat apr\u00e8s un \u00ab\u00a0incident technique\u00a0\u00bb<\/b> selon l\u2019entreprise. L\u2019incident en question a dur\u00e9 une trentaine de minutes.<\/p>\n<p>La ligne 1 du m\u00e9tro interrompue ce lundi<\/p>\n<p class=\" wall-content\">Cette interruption est intervenue aux alentours de 17h30, la reprise du trafic s\u2019est faite aux alentours de 18h.\u00a0<\/p>\n<p class=\" wall-content\">\n<p class=\" wall-content\">Sur les r\u00e9seaux, les voyageurs se plaignent de la <b>r\u00e9currence de ces pannes<\/b>. Il y a quelques jours, le <b>maire Arnaud Deslandes y \u00e9tait aussi all\u00e9 de sa d\u00e9claration<\/b> : \u00ab\u00a0La rentr\u00e9e est une nouvelle fois marqu\u00e9e par les pannes, les incidents, les rames bond\u00e9es et un manque d\u2019information qui rendent la vie insupportable ! Il\u00e9via doit urgemment renforcer les fr\u00e9quences en heure de pointe et faire la transparence sur sa gestion\u00a0\u00bb.<\/p>\n<p class=\" wall-content\">Personnalisez votre actualit\u00e9 en ajoutant vos villes et m\u00e9dias en favori avec <a href=\"https:\/\/moncompte.actu.fr\" title=\"D\u00e9couvez Mon Actu\" rel=\"nofollow noopener\" data-trk=\"{&quot;cta&quot;:{&quot;action&quot;:&quot;https:\\\/\\\/moncompte.actu.fr&quot;,&quot;category&quot;:&quot;mon compte&quot;,&quot;from&quot;:&quot;article footer&quot;,&quot;name&quot;:&quot;Mon actu&quot;,&quot;type&quot;:&quot;cta&quot;}}\" target=\"_blank\">Mon Actu<\/a>.<\/p>\n","protected":false},"excerpt":{"rendered":"Par Nicolas Demollien Publi\u00e9 le 6 oct. 2025 \u00e0 17h42 ; mis \u00e0 jour le 6 oct. 2025&hellip;\n","protected":false},"author":2,"featured_media":443258,"comment_status":"","ping_status":"","sticky":false,"template":"","format":"standard","meta":{"footnotes":""},"categories":[2815],"tags":[1111,11,1777,674,1011,27,811,4288,1307,12,25,104,2803],"class_list":{"0":"post-443257","1":"post","2":"type-post","3":"status-publish","4":"format-standard","5":"has-post-thumbnail","7":"category-lille","8":"tag-actu","9":"tag-actualites","10":"tag-eu","11":"tag-europe","12":"tag-fr","13":"tag-france","14":"tag-hauts-de-france","15":"tag-ilevia","16":"tag-lille","17":"tag-news","18":"tag-republique-francaise","19":"tag-societe","20":"tag-transport"},"share_on_mastodon":{"url":"https:\/\/pubeurope.com\/@fr\/115328208418115678","error":""},"_links":{"self":[{"href":"https:\/\/www.europesays.com\/fr\/wp-json\/wp\/v2\/posts\/443257","targetHints":{"allow":["GET"]}}],"collection":[{"href":"https:\/\/www.europesays.com\/fr\/wp-json\/wp\/v2\/posts"}],"about":[{"href":"https:\/\/www.europesays.com\/fr\/wp-json\/wp\/v2\/types\/post"}],"author":[{"embeddable":true,"href":"https:\/\/www.europesays.com\/fr\/wp-json\/wp\/v2\/users\/2"}],"replies":[{"embeddable":true,"href":"https:\/\/www.europesays.com\/fr\/wp-json\/wp\/v2\/comments?post=443257"}],"version-history":[{"count":0,"href":"https:\/\/www.europesays.com\/fr\/wp-json\/wp\/v2\/posts\/443257\/revisions"}],"wp:featuredmedia":[{"embeddable":true,"href":"https:\/\/www.europesays.com\/fr\/wp-json\/wp\/v2\/media\/443258"}],"wp:attachment":[{"href":"https:\/\/www.europesays.com\/fr\/wp-json\/wp\/v2\/media?parent=443257"}],"wp:term":[{"taxonomy":"category","embeddable":true,"href":"https:\/\/www.europesays.com\/fr\/wp-json\/wp\/v2\/categories?post=443257"},{"taxonomy":"post_tag","embeddable":true,"href":"https:\/\/www.europesays.com\/fr\/wp-json\/wp\/v2\/tags?post=443257"}],"curies":[{"name":"wp","href":"https:\/\/api.w.org\/{rel}","templated":true}]}}