{"id":443267,"date":"2025-10-06T16:43:12","date_gmt":"2025-10-06T16:43:12","guid":{"rendered":"https:\/\/www.europesays.com\/fr\/443267\/"},"modified":"2025-10-06T16:43:12","modified_gmt":"2025-10-06T16:43:12","slug":"de-nouvelles-enseignes-prochainement-installees-a-confluences","status":"publish","type":"post","link":"https:\/\/www.europesays.com\/fr\/443267\/","title":{"rendered":"de nouvelles enseignes prochainement install\u00e9es \u00e0 Confluences"},"content":{"rendered":"<p>                            <img loading=\"lazy\" width=\"1200\" height=\"900\" class=\"attachment-article size-article wp-post-image lazyload\" alt=\"Centre commercial de Lyon Confluence\" decoding=\"async\" src=\"https:\/\/www.europesays.com\/fr\/wp-content\/uploads\/2025\/10\/Centre-commercial-Confluence-Romane-Thevenot-13-scaled-e1729143918232-1200x900.jpg\" data-eio-rwidth=\"1200\" data-eio-rheight=\"900\"\/><\/p>\n<p>Centre commercial Confluence \u00a9Romane Thevenot<\/p>\n<p class=\"content\" style=\"font-size:1.2em;font-weight:700\">Quatre nouvelles enseignes devraient prochainement ouvrir leurs portes au sein du centre-commercial de Confluences \u00e0 Lyon. <\/p>\n<p>De nouvelles enseignes devraient prochainement voir le jour au centre-commercial de Confluences. Restauration, boutiques.. Selon <a href=\"https:\/\/actu.fr\/auvergne-rhone-alpes\/lyon_69123\/lyon-nouvelles-boutiques-restaurants-les-ouvertures-annoncees-au-centre-confluence_63237454.html\" rel=\"nofollow noopener\" target=\"_blank\">Actu Lyon<\/a>, plusieurs nouveaut\u00e9s sont attendues pour fin 2025 &#8211; d\u00e9but 2026 au sein du p\u00f4le commercial. <\/p>\n<p>Deux enseignes pour bien manger<\/p>\n<p>Parmi les nouveaut\u00e9s \u00e0 noter, l&rsquo;ouverture de deux nouvelles enseignes \u00ab\u00a0food.\u00a0\u00bb Alors que le centre dispose d\u00e9j\u00e0 d&rsquo;une large offre en termes de restauration, deux nouvelles enseignes devraient prochainement ouvrir leurs portes. Il s&rsquo;agit de \u00ab\u00a0Fairpala\u00a0\u00bb,  un concept de sandwich voulu \u00ab\u00a0raffin\u00e9, local et responsable\u00a0\u00bb aux recettes originales, et d&rsquo;Artic Juice and Coffee, un restaurant sp\u00e9cialis\u00e9 dans \u00ab\u00a0le bien manger\u00a0\u00bb, d\u00e9j\u00e0 bien connu de la rue de la R\u00e9publique et de la Gare Part-Dieu. <\/p>\n<p>Les deux enseignes viendront compl\u00e9ter l&rsquo;offre \u00ab\u00a0food\u00a0\u00bb du rez-de-chauss\u00e9e de Confluences. <\/p>\n<p>Maxi zoo, Zara, Bershka&#8230;<\/p>\n<p>Troisi\u00e8me enseigne \u00e0 ouvrir dans le centre : l&rsquo;animalerie Maxi Zoo. Plut\u00f4t habitu\u00e9e des zones commerciales et des p\u00e9riph\u00e9ries, la boutique devrait ouvrir en plein 2e arrondissement de Lyon d&rsquo;ici d\u00e9but 2026. <\/p>\n<p>C\u00f4t\u00e9 mode, la boutique de fast-fashion Zara poursuit ses travaux pour une ouverture pr\u00e9vue en novembre. Une boutique Bershka devrait quant \u00e0 elle ouvrir d\u00e9but 2026, \u00e0 la place du Monoprix. <\/p>\n<p><strong>Lire aussi : <\/strong><a href=\"https:\/\/www.lyoncapitale.fr\/actualite\/lyon-l-enseigne-de-pret-a-porter-bershka-remplacera-monoprix-a-confluence\" rel=\"nofollow noopener\" target=\"_blank\">Lyon : l&rsquo;enseigne de pr\u00eat \u00e0 porter Bershka remplacera Monoprix \u00e0 Confluence<\/a><\/p>\n","protected":false},"excerpt":{"rendered":"Centre commercial Confluence \u00a9Romane Thevenot Quatre nouvelles enseignes devraient prochainement ouvrir leurs portes au sein du centre-commercial de&hellip;\n","protected":false},"author":2,"featured_media":443268,"comment_status":"","ping_status":"","sticky":false,"template":"","format":"standard","meta":{"footnotes":""},"categories":[1889],"tags":[1111,11,2430,1777,674,1011,27,2428,12,25],"class_list":{"0":"post-443267","1":"post","2":"type-post","3":"status-publish","4":"format-standard","5":"has-post-thumbnail","7":"category-lyon","8":"tag-actu","9":"tag-actualites","10":"tag-auvergne-rhone-alpes","11":"tag-eu","12":"tag-europe","13":"tag-fr","14":"tag-france","15":"tag-lyon","16":"tag-news","17":"tag-republique-francaise"},"share_on_mastodon":{"url":"https:\/\/pubeurope.com\/@fr\/115328228750159927","error":""},"_links":{"self":[{"href":"https:\/\/www.europesays.com\/fr\/wp-json\/wp\/v2\/posts\/443267","targetHints":{"allow":["GET"]}}],"collection":[{"href":"https:\/\/www.europesays.com\/fr\/wp-json\/wp\/v2\/posts"}],"about":[{"href":"https:\/\/www.europesays.com\/fr\/wp-json\/wp\/v2\/types\/post"}],"author":[{"embeddable":true,"href":"https:\/\/www.europesays.com\/fr\/wp-json\/wp\/v2\/users\/2"}],"replies":[{"embeddable":true,"href":"https:\/\/www.europesays.com\/fr\/wp-json\/wp\/v2\/comments?post=443267"}],"version-history":[{"count":0,"href":"https:\/\/www.europesays.com\/fr\/wp-json\/wp\/v2\/posts\/443267\/revisions"}],"wp:featuredmedia":[{"embeddable":true,"href":"https:\/\/www.europesays.com\/fr\/wp-json\/wp\/v2\/media\/443268"}],"wp:attachment":[{"href":"https:\/\/www.europesays.com\/fr\/wp-json\/wp\/v2\/media?parent=443267"}],"wp:term":[{"taxonomy":"category","embeddable":true,"href":"https:\/\/www.europesays.com\/fr\/wp-json\/wp\/v2\/categories?post=443267"},{"taxonomy":"post_tag","embeddable":true,"href":"https:\/\/www.europesays.com\/fr\/wp-json\/wp\/v2\/tags?post=443267"}],"curies":[{"name":"wp","href":"https:\/\/api.w.org\/{rel}","templated":true}]}}