{"id":443273,"date":"2025-10-06T16:47:13","date_gmt":"2025-10-06T16:47:13","guid":{"rendered":"https:\/\/www.europesays.com\/fr\/443273\/"},"modified":"2025-10-06T16:47:13","modified_gmt":"2025-10-06T16:47:13","slug":"andmore-et-le-groupe-wsn-lancent-la-version-parisienne-du-salon-shoppe-object","status":"publish","type":"post","link":"https:\/\/www.europesays.com\/fr\/443273\/","title":{"rendered":"Andmore et le groupe WSN lancent la version parisienne du salon Shoppe Object"},"content":{"rendered":"<p>\n                                    <b>Publi\u00e9 le<\/b><br \/>\n                                    <\/p>\n<p>                                        6 octobre 2025<\/p>\n<p class=\"article-content col-md-8 offset-md-1\">\n                                Shoppe Object met un premier pied en Europe. Le groupe WSN et Andmore, l\u2019un des leaders des propri\u00e9taires et exploitants d&rsquo;espaces d&rsquo;exposition et de showrooms haut de gamme aux \u00c9tats-Unis, lancent la version parisienne de Shoppe Object. Ce salon d\u00e9di\u00e9 aux objets design et lifestyle fait sa premi\u00e8re apparition en France en tant qu\u2019invit\u00e9 du salon <a class=\"fnwAddLinks\" href=\"https:\/\/fr.fashionnetwork.com\/tags-premiere-classe\" title=\"Premi\u00e8re Classe\" target=\"_blank\" rel=\"noopener\">Premi\u00e8re Classe<\/a>, qui prend place du 3 au 6 octobre 2025 au Jardin des Tuileries, sous la forme d\u2019une galerie d&rsquo;objets et d\u2019un Shoppe Object Caf\u00e9.<\/p>\n<p><img decoding=\"async\" class=\"news-image\" style=\"width:100%;max-width:750px;\" src=\"https:\/\/www.europesays.com\/fr\/wp-content\/uploads\/2025\/10\/6306.png\" alt=\"Shoppe Object Paris vivra sa premi\u00e8re \u00e9dition pendant le salon Who's Next entre les 17 et 19 janvier prochains\" loading=\"lazy\"\/>Shoppe Object Paris vivra sa premi\u00e8re \u00e9dition pendant le salon Who&rsquo;s Next entre les 17 et 19 janvier prochains &#8211; WSN<\/p>\n<p class=\"col-md-8 offset-md-1 article-content--texte\">\u00a0<br \/>Ce n\u2019est qu\u2019entre les 17 au 19 janvier 2026 que Shoppe Object Paris vivra sa premi\u00e8re v\u00e9ritable \u00e9dition, au sein du salon Who\u2019s Next, \u00e0 Portes de Versailles. Pens\u00e9 comme un \u201csalon dans un salon\u201d, l\u2019espace d\u00e9voilera une sc\u00e9nographie contemporaine m\u00ealant art de la table, mobilier, accessoires et objets de d\u00e9coration. Lanc\u00e9 en 2018, le salon Shoppe Object n\u2019\u00e9tait, jusqu\u2019\u00e0 pr\u00e9sent, organis\u00e9 qu\u2019\u00e0 New-York.<br \/>\u00a0<br \/>\u201cL\u2019essence m\u00eame de Shoppe Object a toujours \u00e9t\u00e9 de cultiver, de d\u00e9velopper et de c\u00e9l\u00e9brer une communaut\u00e9 de marques et de cr\u00e9ateurs uniques du monde entier, en les mettant en relation avec les meilleurs distributeurs et acheteurs \u00e0 la pointe du retail\u201d, explique Jesse James, fondateur de Shoppe Object et vice-pr\u00e9sident senior de la cr\u00e9ation, de l\u2019exp\u00e9rience et de l\u2019innovation chez Andmore. \u201cTravailler avec le groupe WSN va permettre d\u2019appliquer cette vision sur de nouveaux march\u00e9s internationaux, en restant fid\u00e8les \u00e0 notre ADN et \u00e0 notre passion commune.\u201d<\/p>\n<p class=\"col-md-8 offset-md-1 article-content--texte\">Ce lancement renforce le nouvel ancrage du groupe WSN (filiale du Groupe <a class=\"fnwAddLinks\" href=\"https:\/\/fr.fashionnetwork.com\/tags-comexposium\" title=\"Comexposium\" target=\"_blank\" rel=\"noopener\">Comexposium<\/a>) dans le secteur du design et de l\u2019objet. En 2024, le groupe lan\u00e7ait le salon Matter &amp; Shape, cr\u00e9ant un premier pont entre la mode, l\u2019architecture et le design, en pleine Fashion Week. En septembre dernier, WSN revenait \u00e0 la charge avec le lancement de Who\u2019s Next Home.<br \/>\u00a0<br \/>C\u2019est cette s\u00e9lection pointue de marques lifestyle qui va se d\u00e9velopper avec Shoppe Object, en r\u00e9ponse \u00e0 l\u2019\u00e9volution des attentes, des espaces de vente, et des nouvelles fa\u00e7ons de consommer l\u2019accessoire d\u2019int\u00e9rieur. \u201cAvec Shoppe Object, nous nous associons \u00e0 un leader qui partage nos valeurs et notre vision: rassembler les communaut\u00e9s cr\u00e9atives internationales\u201d, d\u00e9clare <a class=\"fnwAddLinks\" href=\"https:\/\/fr.fashionnetwork.com\/tags-frederic-maus\" title=\"Fr\u00e9d\u00e9ric Maus\" target=\"_blank\" rel=\"noopener\">Fr\u00e9d\u00e9ric Maus<\/a>, PDG du groupe WSN. \u201cTravailler avec Shoppe est une \u00e9tape d\u00e9cisive pour d\u00e9velopper une curation \u00e9ditoriale singuli\u00e8re des univers Home.\u201d<br \/>\u00a0<br \/>Du c\u00f4t\u00e9 d\u2019Andmore (soci\u00e9t\u00e9 du portefeuille <a class=\"fnwAddLinks\" href=\"https:\/\/fr.fashionnetwork.com\/tags-blackstone\" title=\"Blackstone\" target=\"_blank\" rel=\"noopener\">Blackstone<\/a>), cette extension internationale permet \u00e0 l\u2019entreprise d\u2019\u00e9tendre sa pr\u00e9sence sur le march\u00e9 international. \u201cNous sommes ravis de lancer cette collaboration strat\u00e9gique: elle t\u00e9moigne de la capacit\u00e9 unique de Shoppe Object \u00e0 promouvoir l\u2019innovation, \u00e0 anticiper les tendances et proposer de l\u2019in\u00e9dit\u201d, d\u00e9clare Jonathan Pertchik, PDG d\u2019Andmore. \u201cNotre rapprochement avec le groupe WSN, fond\u00e9 sur une vision, des valeurs et des objectifs communs, promet un niveau d\u2019exp\u00e9rience premium et de nombreuses opportunit\u00e9s aux secteurs que nous animons.\u201d<br \/>\u00a0\n                            <\/p>\n<p>\n                                Tous droits de reproduction et de repr\u00e9sentation r\u00e9serv\u00e9s.<br \/>\u00a9 2025 FashionNetwork.com\n                            <\/p>\n","protected":false},"excerpt":{"rendered":"Publi\u00e9 le 6 octobre 2025 Shoppe Object met un premier pied en Europe. Le groupe WSN et Andmore,&hellip;\n","protected":false},"author":2,"featured_media":443274,"comment_status":"","ping_status":"","sticky":false,"template":"","format":"standard","meta":{"footnotes":""},"categories":[1888],"tags":[1111,1928,11,1927,2424,56956,56955,537,2423,1777,674,1011,27,56957,2425,985,12,1926,2298,626,1925,36515,2426,2427,25,2421,2422,26254],"class_list":{"0":"post-443273","1":"post","2":"type-post","3":"status-publish","4":"format-standard","5":"has-post-thumbnail","7":"category-paris","8":"tag-actu","9":"tag-actu-paris","10":"tag-actualites","11":"tag-actualites-paris","12":"tag-beaute","13":"tag-blackstone","14":"tag-comexposium","15":"tag-contact","16":"tag-cosmetiques","17":"tag-eu","18":"tag-europe","19":"tag-fr","20":"tag-france","21":"tag-frederic-maus","22":"tag-luxe","23":"tag-mode","24":"tag-news","25":"tag-news-paris","26":"tag-parfum","27":"tag-paris","28":"tag-paris-news","29":"tag-premiere-classe","30":"tag-professionnel","31":"tag-professionnels","32":"tag-republique-francaise","33":"tag-reseau","34":"tag-textile","35":"tag-whos-next"},"share_on_mastodon":{"url":"https:\/\/pubeurope.com\/@fr\/115328243752944235","error":""},"_links":{"self":[{"href":"https:\/\/www.europesays.com\/fr\/wp-json\/wp\/v2\/posts\/443273","targetHints":{"allow":["GET"]}}],"collection":[{"href":"https:\/\/www.europesays.com\/fr\/wp-json\/wp\/v2\/posts"}],"about":[{"href":"https:\/\/www.europesays.com\/fr\/wp-json\/wp\/v2\/types\/post"}],"author":[{"embeddable":true,"href":"https:\/\/www.europesays.com\/fr\/wp-json\/wp\/v2\/users\/2"}],"replies":[{"embeddable":true,"href":"https:\/\/www.europesays.com\/fr\/wp-json\/wp\/v2\/comments?post=443273"}],"version-history":[{"count":0,"href":"https:\/\/www.europesays.com\/fr\/wp-json\/wp\/v2\/posts\/443273\/revisions"}],"wp:featuredmedia":[{"embeddable":true,"href":"https:\/\/www.europesays.com\/fr\/wp-json\/wp\/v2\/media\/443274"}],"wp:attachment":[{"href":"https:\/\/www.europesays.com\/fr\/wp-json\/wp\/v2\/media?parent=443273"}],"wp:term":[{"taxonomy":"category","embeddable":true,"href":"https:\/\/www.europesays.com\/fr\/wp-json\/wp\/v2\/categories?post=443273"},{"taxonomy":"post_tag","embeddable":true,"href":"https:\/\/www.europesays.com\/fr\/wp-json\/wp\/v2\/tags?post=443273"}],"curies":[{"name":"wp","href":"https:\/\/api.w.org\/{rel}","templated":true}]}}