{"id":443275,"date":"2025-10-06T16:48:20","date_gmt":"2025-10-06T16:48:20","guid":{"rendered":"https:\/\/www.europesays.com\/fr\/443275\/"},"modified":"2025-10-06T16:48:20","modified_gmt":"2025-10-06T16:48:20","slug":"a-paris-des-locataires-dun-hlm-en-guerre-contre-les-rats-liberation","status":"publish","type":"post","link":"https:\/\/www.europesays.com\/fr\/443275\/","title":{"rendered":"\u00e0 Paris, des locataires d\u2019un HLM en guerre contre les rats \u2013 Lib\u00e9ration"},"content":{"rendered":"<p class=\"sc-cPiKLX AiZTS text-element\">C\u2019est l\u2019histoire d\u2019une vieille ranc\u0153ur qui s\u2019accentue \u00abdepuis six ans\u00bb, commence Ang\u00e9lique (1). Habitante d\u2019un HLM all\u00e9e des Fr\u00e8res-Voisin, dans le XVe arrondissement de la capitale, administr\u00e9 par le bailleur social Paris Habitat, elle s\u2019exasp\u00e8re : son immeuble cumule les probl\u00e8mes. Des histoires de rats, de souris, de punaises de lit et de cafards empoisonnent l\u2019existence de cette m\u00e8re d\u2019un enfant de 2 ans qui vit aussi avec sa m\u00e8re de 84 ans. \u00abComme on a vu un rat chez moi, derri\u00e8re la t\u00e9l\u00e9, j\u2019ach\u00e8te des produits moi-m\u00eame, car Paris Habitat ne fait rien.\u00bb Sa voisine, Mich\u00e8le Ravis\u00e9, pr\u00e9sidente de l\u2019association de locataires (CLCV Avia Voisin), se joint \u00e0 la conversation. Elle a du mal \u00e0 contenir, malgr\u00e9 son temp\u00e9rament pos\u00e9, une col\u00e8re ancienne : \u00abUn locataire a eu un rat qui sortait de ses toilettes, un autre en a trouv\u00e9 un sur son lit. Est-ce normal ? Pour les punaises de lit, j\u2019ai d\u00fb traiter moi-m\u00eame, avec de la vapeur. On a beau joindre le bailleur, ils ne r\u00e9pondent jamais !\u00bb <\/p>\n<p class=\"sc-cPiKLX AiZTS text-element\">Invit\u00e9es \u00e0 se joindre \u00e0 la visite pour les besoins de cet article, deux employ\u00e9es de Paris Habitat arrivent, ce vendredi 3 octobre, ouvertes au dialogue. Emmanuelle Copin, directrice g\u00e9n\u00e9rale adjointe proximit\u00e9 et qualit\u00e9 de service, et V\u00e9ronique Monge, directrice territoriale Sud-Ouest, tentent une premi\u00e8re approche. \u00abNous voulons travailler avec vous\u00bb, commence V\u00e9ronique Monge. \u00abOui, eh bien, on en a gros sur la patate\u00bb, r\u00e9torque Ang\u00e9lique. \u00abOn est dans la m <\/p>\n","protected":false},"excerpt":{"rendered":"C\u2019est l\u2019histoire d\u2019une vieille ranc\u0153ur qui s\u2019accentue \u00abdepuis six ans\u00bb, commence Ang\u00e9lique (1). Habitante d\u2019un HLM all\u00e9e des&hellip;\n","protected":false},"author":2,"featured_media":443276,"comment_status":"","ping_status":"","sticky":false,"template":"","format":"standard","meta":{"footnotes":""},"categories":[1888],"tags":[11,1777,674,1011,27,6459,12,626,25],"class_list":{"0":"post-443275","1":"post","2":"type-post","3":"status-publish","4":"format-standard","5":"has-post-thumbnail","7":"category-paris","8":"tag-actualites","9":"tag-eu","10":"tag-europe","11":"tag-fr","12":"tag-france","13":"tag-logements-sociaux","14":"tag-news","15":"tag-paris","16":"tag-republique-francaise"},"share_on_mastodon":{"url":"https:\/\/pubeurope.com\/@fr\/115328247707375374","error":""},"_links":{"self":[{"href":"https:\/\/www.europesays.com\/fr\/wp-json\/wp\/v2\/posts\/443275","targetHints":{"allow":["GET"]}}],"collection":[{"href":"https:\/\/www.europesays.com\/fr\/wp-json\/wp\/v2\/posts"}],"about":[{"href":"https:\/\/www.europesays.com\/fr\/wp-json\/wp\/v2\/types\/post"}],"author":[{"embeddable":true,"href":"https:\/\/www.europesays.com\/fr\/wp-json\/wp\/v2\/users\/2"}],"replies":[{"embeddable":true,"href":"https:\/\/www.europesays.com\/fr\/wp-json\/wp\/v2\/comments?post=443275"}],"version-history":[{"count":0,"href":"https:\/\/www.europesays.com\/fr\/wp-json\/wp\/v2\/posts\/443275\/revisions"}],"wp:featuredmedia":[{"embeddable":true,"href":"https:\/\/www.europesays.com\/fr\/wp-json\/wp\/v2\/media\/443276"}],"wp:attachment":[{"href":"https:\/\/www.europesays.com\/fr\/wp-json\/wp\/v2\/media?parent=443275"}],"wp:term":[{"taxonomy":"category","embeddable":true,"href":"https:\/\/www.europesays.com\/fr\/wp-json\/wp\/v2\/categories?post=443275"},{"taxonomy":"post_tag","embeddable":true,"href":"https:\/\/www.europesays.com\/fr\/wp-json\/wp\/v2\/tags?post=443275"}],"curies":[{"name":"wp","href":"https:\/\/api.w.org\/{rel}","templated":true}]}}