{"id":443277,"date":"2025-10-06T16:49:16","date_gmt":"2025-10-06T16:49:16","guid":{"rendered":"https:\/\/www.europesays.com\/fr\/443277\/"},"modified":"2025-10-06T16:49:16","modified_gmt":"2025-10-06T16:49:16","slug":"flottille-pour-gaza-les-membres-francais-de-retour-a-paris-les-accusations-de-mauvais-traitement-se-multiplient","status":"publish","type":"post","link":"https:\/\/www.europesays.com\/fr\/443277\/","title":{"rendered":"Flottille pour Gaza : les membres fran\u00e7ais de retour \u00e0 Paris, les accusations de mauvais traitement se multiplient"},"content":{"rendered":"<p>Plusieurs passagers de la Flottille Global Sumud croupissent encore en prison en Isra\u00ebl ce mardi. Depuis l\u2019arrestation ill\u00e9gale de plus de 470 personnes \u00e0 bord des bateaux entre le 1er et le 3\u00a0octobre par les autorit\u00e9s isra\u00e9liennes dans les eaux internationales, plusieurs salves de militants ont \u00e9t\u00e9 expuls\u00e9es du pays et sont rentr\u00e9es chez eux. Lundi, l\u2019ensemble des ressortissants fran\u00e7ais ont atterri en Gr\u00e8ce, <a href=\"https:\/\/www.humanite.fr\/medias\/armee-israelienne\/global-sumud-flotilla-lhumanite-appelle-a-la-mobilisation-pour-la-liberation-demilien-urbach-et-des-journalistes-detenus-en-israel\" target=\"_blank\" rel=\"noopener\">dont notre coll\u00e8gue, \u00c9milien Urbach<\/a>. <\/p>\n<p>\u00ab\u00a0Nous sommes soulag\u00e9s de leur lib\u00e9ration, indign\u00e9s du peu de cas qu\u2019a fait le gouvernement fran\u00e7ais de nos demandes de protection de nos proches, confie \u00e0 l\u2019Humanit\u00e9 sa compagne, Mandine Guillaume-Urbach. Nous sommes aussi r\u00e9volt\u00e9s que la communaut\u00e9 internationale ne se soit pas saisie de cette belle entreprise humanitaire et civile pour se positionner fermement sur l\u2019ouverture d\u2019un couloir humanitaire pour porter secours aux Gazaouis.\u00a0\u00bb<\/p>\n<p>Yeux band\u00e9s, mains et pieds attach\u00e9s<\/p>\n<p>Outre les Fran\u00e7ais, les diplomaties europ\u00e9ennes ont fait savoir qu\u2019ont \u00e9galement \u00e9t\u00e9 lib\u00e9r\u00e9s les passagers espagnols, su\u00e9dois \u2013 dont la militante Greta Thunberg \u2013, grecs et italiens, soit 171 personnes. Pendant ce temps, les t\u00e9moignages de mauvais traitements <a href=\"https:\/\/www.humanite.fr\/monde\/blocus-de-gaza\/privation-deau-et-de-nourriture-insultes-obligation-de-brandir-un-drapeau-israelien-greta-thundberg-et-les-militants-de-la-global-sumud-flotilla-maltraites-dans-une-prison-israeli\" data-type=\"post\" data-id=\"3235606\" target=\"_blank\" rel=\"noopener\">perp\u00e9tr\u00e9s par des soldats isra\u00e9liens se multiplient<\/a>. \u00ab\u00a0Ils nous ont battus, tra\u00een\u00e9s sur le sol, nous ont band\u00e9 les yeux, nous ont attach\u00e9 les mains et les pieds, nous ont mis dans des cages et nous ont insult\u00e9s\u00a0\u00bb, a expliqu\u00e9 l\u2019avocat Rafael Borrego \u00e0 son arriv\u00e9e <a href=\"https:\/\/www.humanite.fr\/monde\/droit-international\/interception-de-la-flottille-pour-gaza-comment-lespagne-se-prepare-a-lancer-une-offensive-diplomatique-et-juridique\" target=\"_blank\" rel=\"noopener\">dimanche \u00e0 l\u2019a\u00e9roport de Madrid (Espagne) devant la presse<\/a>. <\/p>\n<p>Apr\u00e8s que le ministre isra\u00e9lien de la S\u00e9curit\u00e9 nationale, le supr\u00e9maciste Itamar Ben Gvir s\u2019est mis en sc\u00e8ne en train de qualifier les passagers arr\u00eat\u00e9s de terroristes et a \u00e9mis le souhait qu\u2019ils soient enferm\u00e9s des mois durant dans la prison de Ktzi\u2019ot, le minist\u00e8re isra\u00e9lien des Affaires \u00e9trang\u00e8res a fait mine de calmer le jeu.<\/p>\n<p>\u00ab\u00a0Tous les droits l\u00e9gaux des participants \u00e0 cette op\u00e9ration (\u2026) ont \u00e9t\u00e9 et continueront d\u2019\u00eatre pleinement respect\u00e9s. Les mensonges qu\u2019ils r\u00e9pandent font partie de leur campagne de fausses nouvelles planifi\u00e9e \u00e0 l\u2019avance\u00a0\u00bb, a d\u00e9clar\u00e9 l\u2019institution sur X, en joignant deux photos de Greta Thunberg en compagnie de deux autres militantes \u00e0 l\u2019a\u00e9roport de Tel-Aviv.<\/p>\n<p>Pourtant, le Haut-Commissariat des Nations unies aux droits de l\u2019homme s\u2019est saisi lundi de ces t\u00e9moignages. \u00ab\u00a0Nous avons re\u00e7u des informations inqui\u00e9tantes <a href=\"https:\/\/www.humanite.fr\/monde\/conditions-de-detention\/israel-accuse-de-mauvais-traitements-envers-les-passagers-de-la-flottille-en-detention\" target=\"_blank\" rel=\"noopener\">concernant les mauvais traitements inflig\u00e9s aux participants de la Flottille <\/a>et la violation de leurs droits \u00e0 un proc\u00e8s \u00e9quitable\u00a0\u00bb, a affirm\u00e9 aupr\u00e8s de l\u2019agence Anadolu son porte-parole, Thameen Al-Kheetan. En France, le Quai d\u2019Orsay a brill\u00e9 par son manque d\u2019action pour prot\u00e9ger ses ressortissants, contrairement \u00e0 d\u2019autres pays europ\u00e9ens comme l\u2019Espagne ou la Su\u00e8de. <\/p>\n<p>Les avocats des militants fran\u00e7ais travaillent actuellement au d\u00e9p\u00f4t d\u2019une plainte pour d\u00e9tention arbitraire. En sus des nombreux messages de solidarit\u00e9 qui ont afflu\u00e9 parmi les syndicats et soci\u00e9t\u00e9s de journalistes, un rassemblement de soutien \u00e0 \u00c9milien Urbach a eu lieu lundi soir dans les locaux de l\u2019Humanit\u00e9.<\/p>\n<p>Pour une information libre sur la Palestine<\/p>\n<p>Nous avons \u00e9t\u00e9 l\u2019un des premiers m\u00e9dias fran\u00e7ais \u00e0 d\u00e9fendre le droit des Palestiniens \u00e0 disposer d\u2019un \u00c9tat viable dans le respect des r\u00e9solutions de l\u2019ONU. Et nous avons inlassablement d\u00e9fendu la paix au Proche-Orient. Aidez-nous \u00e0 continuer de vous informer sur ce qui se passe l\u00e0-bas. Gr\u00e2ce \u00e0 vos dons.<br \/><a href=\"https:\/\/www.humanite.fr\/lhumanite-cest-vous\" data-type=\"link\" data-id=\"https:\/\/www.humanite.fr\/lhumanite-cest-vous\" target=\"_blank\" rel=\"noopener\">Je veux en savoir plus\u00a0!<\/a><\/p>\n","protected":false},"excerpt":{"rendered":"Plusieurs passagers de la Flottille Global Sumud croupissent encore en prison en Isra\u00ebl ce mardi. Depuis l\u2019arrestation ill\u00e9gale&hellip;\n","protected":false},"author":2,"featured_media":443278,"comment_status":"","ping_status":"","sticky":false,"template":"","format":"standard","meta":{"footnotes":""},"categories":[1888],"tags":[11,1777,674,54446,1011,27,665,16785,12,626,25],"class_list":{"0":"post-443277","1":"post","2":"type-post","3":"status-publish","4":"format-standard","5":"has-post-thumbnail","7":"category-paris","8":"tag-actualites","9":"tag-eu","10":"tag-europe","11":"tag-flottille-pour-gaza","12":"tag-fr","13":"tag-france","14":"tag-gaza","15":"tag-israu00ebl","16":"tag-news","17":"tag-paris","18":"tag-republique-francaise"},"share_on_mastodon":{"url":"https:\/\/pubeurope.com\/@fr\/115328251682210153","error":""},"_links":{"self":[{"href":"https:\/\/www.europesays.com\/fr\/wp-json\/wp\/v2\/posts\/443277","targetHints":{"allow":["GET"]}}],"collection":[{"href":"https:\/\/www.europesays.com\/fr\/wp-json\/wp\/v2\/posts"}],"about":[{"href":"https:\/\/www.europesays.com\/fr\/wp-json\/wp\/v2\/types\/post"}],"author":[{"embeddable":true,"href":"https:\/\/www.europesays.com\/fr\/wp-json\/wp\/v2\/users\/2"}],"replies":[{"embeddable":true,"href":"https:\/\/www.europesays.com\/fr\/wp-json\/wp\/v2\/comments?post=443277"}],"version-history":[{"count":0,"href":"https:\/\/www.europesays.com\/fr\/wp-json\/wp\/v2\/posts\/443277\/revisions"}],"wp:featuredmedia":[{"embeddable":true,"href":"https:\/\/www.europesays.com\/fr\/wp-json\/wp\/v2\/media\/443278"}],"wp:attachment":[{"href":"https:\/\/www.europesays.com\/fr\/wp-json\/wp\/v2\/media?parent=443277"}],"wp:term":[{"taxonomy":"category","embeddable":true,"href":"https:\/\/www.europesays.com\/fr\/wp-json\/wp\/v2\/categories?post=443277"},{"taxonomy":"post_tag","embeddable":true,"href":"https:\/\/www.europesays.com\/fr\/wp-json\/wp\/v2\/tags?post=443277"}],"curies":[{"name":"wp","href":"https:\/\/api.w.org\/{rel}","templated":true}]}}