{"id":443279,"date":"2025-10-06T16:50:21","date_gmt":"2025-10-06T16:50:21","guid":{"rendered":"https:\/\/www.europesays.com\/fr\/443279\/"},"modified":"2025-10-06T16:50:21","modified_gmt":"2025-10-06T16:50:21","slug":"armes-russes-zelensky-denonce-la-presence-de-milliers-de-composants-etrangers","status":"publish","type":"post","link":"https:\/\/www.europesays.com\/fr\/443279\/","title":{"rendered":"Armes russes : Zelensky d\u00e9nonce la pr\u00e9sence de milliers de composants \u00e9trangers"},"content":{"rendered":"<ul class=\"jsx-862013697 ArticleChapo__List\">\n<li class=\"jsx-862013697 ArticleChapo__List_Item flex\">Le pr\u00e9sident ukrainien a critiqu\u00e9 lundi la pr\u00e9sence de milliers de composants fournis par des entreprises \u00e9trang\u00e8res \u00e0 l&rsquo;arm\u00e9e russe.<\/li>\n<li class=\"jsx-862013697 ArticleChapo__List_Item flex\">Les syst\u00e8mes de missiles et drones utilis\u00e9s par la Russie pour frapper l&rsquo;Ukraine ce week-end comporteraient des pi\u00e8ces am\u00e9ricaines, allemandes ou encore japonaises.<\/li>\n<\/ul>\n<p><a href=\"https:\/\/www.tf1info.fr\/actualite\/guerre-ukraine-russie-une-rencontre-donald-trump-vladimir-poutine-historique-le-vendredi-15-aout-2025-en-alaska-sans-volodymyr-zelensky-14326\/\" rel=\"noopener\" class=\"jsx-484472199 Link jsx-1428418400 jsx-554215408\" target=\"_blank\"><\/p>\n<p style=\"font-weight:400\" class=\"jsx-1837267516\">Suivez la couverture compl\u00e8te<\/p>\n<p style=\"font-weight:800\" class=\"jsx-1837267516\">Ukraine-Russie : des n\u00e9gociations dans l\u2019impasse<\/p>\n<p><\/a><\/p>\n<p data-module=\"article-paragraph\" class=\"jsx-3046738180 Paragraph\">Des entreprises \u00e9trang\u00e8res participent-elles indirectement \u00e0 la guerre en Ukraine ? C&rsquo;est en tout cas le point de vue de Volodymyr Zelensky : le pr\u00e9sident ukrainien a d\u00e9nonc\u00e9 lundi la pr\u00e9sence de milliers de composants am\u00e9ricains, allemands ou encore japonais, dans les appareils utilis\u00e9s par la Russie <a href=\"https:\/\/www.tf1info.fr\/international\/en-direct-guerre-ukraine-russie-la-situation-aujourd-hui-entre-zelensky-poutine-trump-otan-les-informations-du-samedi-4-octobre-2025-2398544.html\" target=\"_blank\" rel=\"noopener\">pour frapper l&rsquo;Ukraine ce week-end.\u00a0<\/a><\/p>\n<p data-module=\"article-paragraph\" class=\"jsx-3046738180 Paragraph Paragraph__End\">\u00ab\u00a0Lors des frappes massives dans la nuit du 5 octobre (de samedi \u00e0 dimanche), la Russie a utilis\u00e9 549 syst\u00e8mes d&rsquo;armes contenant 102.785 composants de fabrication \u00e9trang\u00e8re\u00a0\u00bb, a affirm\u00e9 Volodymyr Zelensky sur les r\u00e9seaux sociaux. Et le chef de l&rsquo;\u00c9tat de d\u00e9rouler la liste des pays concern\u00e9s : les \u00c9tats-Unis, la Chine, Ta\u00efwan, le Royaume-Uni, l&rsquo;Allemagne, la Suisse, le Japon. Mais aussi la Cor\u00e9e du Sud et les Pays-Bas.\u00a0<\/p>\n<p>Des technologies am\u00e9ricaines dans les missiles balistiques russes<\/p>\n<p data-module=\"article-paragraph\" class=\"jsx-3046738180 Paragraph\">Ces entreprises \u00e9trang\u00e8res fournissent entre autres des syst\u00e8mes informatiques, microprocesseurs, capteurs ou convertisseurs de l&rsquo;analogique vers le num\u00e9rique, permettant le fonctionnement des missiles et drones, selon le pr\u00e9sident ukrainien. Les missiles balistiques russes comme<a href=\"https:\/\/www.tf1info.fr\/international\/guerre-ukraine-russie-missiles-iskander-drones-la-russie-met-la-pression-sur-kiev-2258593.html\" target=\"_blank\" rel=\"noopener\"> l&rsquo;Iskander<\/a> ou <a href=\"https:\/\/www.tf1info.fr\/international\/video-guerre-ukraine-russie-l-ukraine-affirme-avoir-abattu-un-kinjal-ce-missile-hypersonique-invincible-de-l-armee-russe-vante-par-vladimir-poutine-et-abattu-grace-au-systeme-americain-patriot-2281720.html\" target=\"_blank\" rel=\"noopener\">le Kinjal<\/a> utilisent des technologies import\u00e9es des \u00c9tats-Unis, a-t-il relev\u00e9. Par ailleurs \u00ab\u00a0les microcontr\u00f4leurs des drones sont fabriqu\u00e9s en Suisse, tandis que les micro-ordinateurs pour le contr\u00f4le des vols (de ces engins) sont produits au Royaume-Uni\u00a0\u00bb, a d\u00e9taill\u00e9 Volodymyr Zelensky.<\/p>\n<p data-module=\"article-paragraph\" class=\"jsx-3046738180 Paragraph Paragraph__End\">Apr\u00e8s <a href=\"https:\/\/www.tf1info.fr\/actualite\/guerre-en-ukraine-une-treve-en-negociation-13895\/\" target=\"_blank\" rel=\"noopener\">plus de trois ans de guerre<\/a>, le pr\u00e9sident ukrainien ne cache pas son amertume, regrettant que ces \u00c9tats n&#8217;emp\u00eachent pas les approvisionnements en Russie. \u00ab\u00a0Nous avons communiqu\u00e9 des propositions visant \u00e0 r\u00e9duire ces habitudes d&rsquo;approvisionnement. Nos partenaires disposent d\u00e9j\u00e0 de donn\u00e9es d\u00e9taill\u00e9es sur quelle entreprise et quel produit cibler et comment r\u00e9agir\u00a0\u00bb, a-t-il n\u00e9anmoins pr\u00e9cis\u00e9.<\/p>\n<p><a href=\"https:\/\/www.tf1info.fr\/international\/en-direct-guerre-ukraine-russie-la-situation-aujourd-hui-entre-zelensky-poutine-trump-otan-les-informations-du-samedi-4-octobre-2025-2398544.html\" rel=\"noopener\" class=\"jsx-3308031228 Link flex\" target=\"_blank\"><img decoding=\"async\" src=\"https:\/\/www.europesays.com\/fr\/wp-content\/uploads\/2025\/10\/ukraine-lviv-5-octobre-2025-b00b57-0@1x.jpeg\" alt=\"AFP\" loading=\"lazy\" importance=\"low\" fetchpriority=\"low\" class=\"\" aria-hidden=\"true\"\/><\/p>\n<p class=\"jsx-3657663356 ReadMoreArticle__Title\">Lire aussi<\/p>\n<p class=\"jsx-3657663356\">Ukraine : cinq morts et des coupures de courant apr\u00e8s des frappes russes<\/p>\n<p><\/a><\/p>\n<p data-module=\"article-paragraph\" class=\"jsx-3046738180 Paragraph Paragraph__End\">La Russie intensifie actuellement ses attaques a\u00e9riennes nocturnes contre l&rsquo;Ukraine, visant notamment son r\u00e9seau \u00e9lectrique et provoquant des coupures de courant. Dans la nuit de samedi \u00e0 dimanche, pr\u00e8s de 500 drones et plus de 50 missiles ont frapp\u00e9 le pays, tuant quatre personnes dans la ville de Lviv (ouest) et une autre dans celle de Zaporijia, au sud. Il s&rsquo;agissait de la plus grande attaque contre la r\u00e9gion de Lviv depuis le d\u00e9but de l&rsquo;invasion russe \u00e0 grande \u00e9chelle en 2022, selon son gouverneur Maksym Kozytsky.<\/p>\n<p>T.G.<\/p>\n","protected":false},"excerpt":{"rendered":"Le pr\u00e9sident ukrainien a critiqu\u00e9 lundi la pr\u00e9sence de milliers de composants fournis par des entreprises \u00e9trang\u00e8res \u00e0&hellip;\n","protected":false},"author":2,"featured_media":287037,"comment_status":"","ping_status":"","sticky":false,"template":"","format":"standard","meta":{"footnotes":""},"categories":[1591],"tags":[1111,11,1921,1887,1922,12,1885,1886,132,220,1917,50704,133,1920,134],"class_list":{"0":"post-443279","1":"post","2":"type-post","3":"status-publish","4":"format-standard","5":"has-post-thumbnail","7":"category-russie","8":"tag-actu","9":"tag-actualites","10":"tag-article-video","11":"tag-federation-de-russie","12":"tag-info","13":"tag-news","14":"tag-russia","15":"tag-russian-federation","16":"tag-russie","17":"tag-ukraine","18":"tag-ukraine-4-annee-de-guerre","19":"tag-ukraine-russie-des-negociations-dans-limpasse","20":"tag-video","21":"tag-video-international","22":"tag-volodymyr-zelensky"},"share_on_mastodon":{"url":"https:\/\/pubeurope.com\/@fr\/115328256059525504","error":""},"_links":{"self":[{"href":"https:\/\/www.europesays.com\/fr\/wp-json\/wp\/v2\/posts\/443279","targetHints":{"allow":["GET"]}}],"collection":[{"href":"https:\/\/www.europesays.com\/fr\/wp-json\/wp\/v2\/posts"}],"about":[{"href":"https:\/\/www.europesays.com\/fr\/wp-json\/wp\/v2\/types\/post"}],"author":[{"embeddable":true,"href":"https:\/\/www.europesays.com\/fr\/wp-json\/wp\/v2\/users\/2"}],"replies":[{"embeddable":true,"href":"https:\/\/www.europesays.com\/fr\/wp-json\/wp\/v2\/comments?post=443279"}],"version-history":[{"count":0,"href":"https:\/\/www.europesays.com\/fr\/wp-json\/wp\/v2\/posts\/443279\/revisions"}],"wp:featuredmedia":[{"embeddable":true,"href":"https:\/\/www.europesays.com\/fr\/wp-json\/wp\/v2\/media\/287037"}],"wp:attachment":[{"href":"https:\/\/www.europesays.com\/fr\/wp-json\/wp\/v2\/media?parent=443279"}],"wp:term":[{"taxonomy":"category","embeddable":true,"href":"https:\/\/www.europesays.com\/fr\/wp-json\/wp\/v2\/categories?post=443279"},{"taxonomy":"post_tag","embeddable":true,"href":"https:\/\/www.europesays.com\/fr\/wp-json\/wp\/v2\/tags?post=443279"}],"curies":[{"name":"wp","href":"https:\/\/api.w.org\/{rel}","templated":true}]}}