{"id":44328,"date":"2025-04-22T15:59:08","date_gmt":"2025-04-22T15:59:08","guid":{"rendered":"https:\/\/www.europesays.com\/fr\/44328\/"},"modified":"2025-04-22T15:59:08","modified_gmt":"2025-04-22T15:59:08","slug":"le-poitiers-basket-86-prive-de-jahvon-blair-et-john-ojiako-contre-hyeres-toulon","status":"publish","type":"post","link":"https:\/\/www.europesays.com\/fr\/44328\/","title":{"rendered":"le Poitiers Basket 86 priv\u00e9 de Jahvon Blair et John Ojiako contre Hy\u00e8res-Toulon"},"content":{"rendered":"<p>Les soucis physiques s\u2019accumulent pour le Poitiers Basket au moment d\u2019aborder la derni\u00e8re ligne droite du championnat de Pro B. Actuelle 8e\u00a0avec 19 victoires pour 15 d\u00e9faites et dans la course \u00e0 la qualification pour les play-offs ou en play-in \u00e0 quatre journ\u00e9es de la fin, l\u2019\u00e9quipe entra\u00een\u00e9e par Andy Thornton-Jones est priv\u00e9e de <a target=\"_self\" href=\"https:\/\/www.lanouvellerepublique.fr\/poitiers\/pro-b-jahvon-blair-le-nouveau-tireur-d-elite-du-poitiers-basket-86\" rel=\"noopener\">Jahvon Blair<\/a>, son atout offensif num\u00e9ro un (18,8 points par match), <a target=\"_self\" href=\"https:\/\/www.lanouvellerepublique.fr\/poitiers\/pro-b-blesses-contre-orleans-imanol-prot-et-jahvon-blair-ne-joueront-pas-avec-poitiers-a-pau-1744204930\" rel=\"noopener\">depuis la fin de la rencontre face \u00e0 Orl\u00e9ans<\/a>. Victime d\u2019une entorse de la cheville, l\u2019international canadien a d\u00e9j\u00e0 rat\u00e9 le d\u00e9placement \u00e0 Pau-Lacq-Orthez et la venue de Blois pour deux d\u00e9faites \u00e0 la cl\u00e9 (<a target=\"_self\" href=\"https:\/\/www.lanouvellerepublique.fr\/poitiers\/pro-b-le-coup-d-arret-du-poitiers-basket-a-pau-1744468190\" rel=\"noopener\">93-78<\/a> et <a target=\"_self\" href=\"https:\/\/www.lanouvellerepublique.fr\/poitiers\/pro-b-l-ada-blois-mate-le-poitiers-basket-86-1745097738\" rel=\"noopener\">79-97<\/a>).<\/p>\n<p>Il est d\u00e9sormais act\u00e9 qu\u2019il ne jouera pas vendredi pour la r\u00e9ception d\u2019Hy\u00e8res-Toulon, son retour \u00e9tant pr\u00e9vu avant le d\u00e9placement \u00e0 Fos-sur-Mer samedi 3\u00a0mai. Ce n\u2019est malheureusement pas le seul joueur qui manquera \u00e0 l\u2019appel vendredi salle Jean-Pierre-Garnier. Samedi, avant la rencontre face au leader bl\u00e9sois, <a target=\"_self\" href=\"https:\/\/www.lanouvellerepublique.fr\/poitiers\/pro-b-la-bonne-adaptation-de-john-ojiako-au-poitiers-basket-86\" rel=\"noopener\">John Ojiako<\/a>, pris d\u2019une forte pouss\u00e9e de fi\u00e8vre, avait quitt\u00e9 l\u2019Arena Futuroscope et n\u2019avait pas pu jouer. Toujours convalescent, le pivot nig\u00e9rian est lui aussi annonc\u00e9 forfait.<\/p>\n<p>\u00a0<\/p>\n","protected":false},"excerpt":{"rendered":"Les soucis physiques s\u2019accumulent pour le Poitiers Basket au moment d\u2019aborder la derni\u00e8re ligne droite du championnat de&hellip;\n","protected":false},"author":2,"featured_media":44329,"comment_status":"","ping_status":"","sticky":false,"template":"","format":"standard","meta":{"footnotes":""},"categories":[9619],"tags":[1392,1111,11,1465,1777,674,1011,27,12,1653,13224,2185,882,25,60,2310,1584],"class_list":{"0":"post-44328","1":"post","2":"type-post","3":"status-publish","4":"format-standard","5":"has-post-thumbnail","7":"category-toulon","8":"tag-a-la-une-local","9":"tag-actu","10":"tag-actualites","11":"tag-basket","12":"tag-eu","13":"tag-europe","14":"tag-fr","15":"tag-france","16":"tag-news","17":"tag-poitiers","18":"tag-poitiers-basket-86","19":"tag-pro-b","20":"tag-provence-alpes-cote-dazur","21":"tag-republique-francaise","22":"tag-sports","23":"tag-toulon","24":"tag-vienne"},"share_on_mastodon":{"url":"https:\/\/pubeurope.com\/@fr\/114382449224211255","error":""},"_links":{"self":[{"href":"https:\/\/www.europesays.com\/fr\/wp-json\/wp\/v2\/posts\/44328","targetHints":{"allow":["GET"]}}],"collection":[{"href":"https:\/\/www.europesays.com\/fr\/wp-json\/wp\/v2\/posts"}],"about":[{"href":"https:\/\/www.europesays.com\/fr\/wp-json\/wp\/v2\/types\/post"}],"author":[{"embeddable":true,"href":"https:\/\/www.europesays.com\/fr\/wp-json\/wp\/v2\/users\/2"}],"replies":[{"embeddable":true,"href":"https:\/\/www.europesays.com\/fr\/wp-json\/wp\/v2\/comments?post=44328"}],"version-history":[{"count":0,"href":"https:\/\/www.europesays.com\/fr\/wp-json\/wp\/v2\/posts\/44328\/revisions"}],"wp:featuredmedia":[{"embeddable":true,"href":"https:\/\/www.europesays.com\/fr\/wp-json\/wp\/v2\/media\/44329"}],"wp:attachment":[{"href":"https:\/\/www.europesays.com\/fr\/wp-json\/wp\/v2\/media?parent=44328"}],"wp:term":[{"taxonomy":"category","embeddable":true,"href":"https:\/\/www.europesays.com\/fr\/wp-json\/wp\/v2\/categories?post=44328"},{"taxonomy":"post_tag","embeddable":true,"href":"https:\/\/www.europesays.com\/fr\/wp-json\/wp\/v2\/tags?post=44328"}],"curies":[{"name":"wp","href":"https:\/\/api.w.org\/{rel}","templated":true}]}}