{"id":443284,"date":"2025-10-06T16:53:15","date_gmt":"2025-10-06T16:53:15","guid":{"rendered":"https:\/\/www.europesays.com\/fr\/443284\/"},"modified":"2025-10-06T16:53:15","modified_gmt":"2025-10-06T16:53:15","slug":"royaume-uni-maroc-thailande-combien-de-pays-ont-encore-une-monarchie","status":"publish","type":"post","link":"https:\/\/www.europesays.com\/fr\/443284\/","title":{"rendered":"Royaume-Uni, Maroc, Tha\u00eflande\u2026 Combien de pays ont encore une monarchie\u00a0?"},"content":{"rendered":"<p>Ce n\u2019\u00e9tait pas <a href=\"https:\/\/www.20minutes.fr\/monde\/4035767-20230506-couronnement-charles-iii-direct-suivez-sacre-nouveau-monarque-britannique\" class=\"c-link c-link--is-underlined\" target=\"_blank\" rel=\"noopener\">le couronnement de Charles III<\/a> mais quand m\u00eame. De nombreux dirigeants europ\u00e9ens, dont Emmanuel Macron et son homologue allemand Frank-Walter Steinmeier, \u00e9taient en tenue de soir\u00e9e vendredi soir au <a href=\"https:\/\/www.20minutes.fr\/dossier\/luxembourg\" class=\"c-link c-link--is-underlined\" target=\"_blank\" rel=\"noopener\">Luxembourg<\/a>. Pour l\u2019av\u00e8nement de <a href=\"https:\/\/www.20minutes.fr\/arts-stars\/culture\/4176973-20251003-guillaume-nouveau-grand-duc-luxembourg-vient-preter-serment\" class=\"c-link c-link--is-underlined\" target=\"_blank\" rel=\"noopener\">Guillaume, qui a succ\u00e9d\u00e9 \u00e0 son p\u00e8re Henri \u00e0 la t\u00eate du Grand-duch\u00e9<\/a>.<\/p>\n<p>Un nouveau souverain ne prend pas ses fonctions chaque jour dans le monde\u2026 Mais il reste encore une quarantaine de <a href=\"https:\/\/www.20minutes.fr\/monde\/royaute\/\" class=\"c-link c-link--is-underlined\" target=\"_blank\" rel=\"noopener\">monarchies<\/a> dans le monde, tr\u00e8s diff\u00e9rentes. Petit tour de la plan\u00e8te avec 20 Minutes.<\/p>\n<p>Des chefs symboliques<\/p>\n<p>Pas besoin de partir tr\u00e8s loin de la France pour trouver ce type de r\u00e9gimes. Le Royaume-Uni en est l\u2019exemple le plus c\u00e9l\u00e8bre, avec un roi, <a href=\"https:\/\/www.20minutes.fr\/dossier\/prince_charles\" class=\"c-link c-link--is-underlined\" target=\"_blank\" rel=\"noopener\">Charles III<\/a>, \u00e0 la t\u00eate d\u2019une monarchie constitutionnelle qui est parlementaire. Le pouvoir politique y est d\u00e9volu \u00e0 un Premier ministre et le fils d\u2019Elizabeth II ne poss\u00e8de donc qu\u2019un r\u00f4le symbolique. Philippe en Belgique, Frederik X au Danemark, Felipe VI en Espagne, Harald V en Norv\u00e8ge, <a href=\"https:\/\/www.20minutes.fr\/societe\/4176101-20250930-toulouse-reine-roi-pays-bas-visite-mercredi-pourquoi\" class=\"c-link c-link--is-underlined\" target=\"_blank\" rel=\"noopener\">Willem-Alexander aux Pays-Bas<\/a> ou encore Carl XVI Gustave en Su\u00e8de ont \u00e0 peu pr\u00e8s les m\u00eames pr\u00e9rogatives (limit\u00e9es). Sans oublier donc le dernier arriv\u00e9 sur le continent, Guillaume, au Luxembourg.<\/p>\n<\/p>\n<p>Ailleurs, l\u2019empereur du Japon Naruhito peut \u00e9galement entrer dans cette liste, tout comme le roi du Lesotho, Letsie III, ou le roi du Cambodge. Les trois poss\u00e8dent avant tout un r\u00f4le protocolaire.<\/p>\n<p>Des monarques absolus<\/p>\n<p>Il faut se diriger vers l\u2019Asie pour trouver des monarques avec les pouvoirs absolus. En Arabie saoudite, le roi Salmane ben Abdelaziz Al Saoud dirige \u00e0 la fois l\u2019Etat et le gouvernement. En\u00a02022, il a n\u00e9anmoins nomm\u00e9 un Premier ministre \u00e0 sa place\u00a0: son\u2026 fils, le prince h\u00e9ritier <a href=\"https:\/\/www.20minutes.fr\/politique\/mohammed-ben-salmane\/\" class=\"c-link c-link--is-underlined\" target=\"_blank\" rel=\"noopener\">Mohammed ben Salmane<\/a>. Dans la r\u00e9gion, Tamim ben Hamad Al Thani r\u00e8gne, lui, sans partage sur le Qatar, comme le Cheikh Mechal al-Ahmad al-Jaber al-Sabah au Kowe\u00eft, le sultan Ha\u00eftham ben Tariq \u00e0 Oman, le roi Abdallah II en Jordanie ou encore Hamad II \u00e0 Bahre\u00efn. Aux Emirats arabes unis, c\u2019est un peu plus complexe avec sept \u00e9mirs pour autant d\u2019\u00e9mirats, mais un pr\u00e9sident de cet \u00c9tat f\u00e9d\u00e9ral, Mohammed ben Zayed Al Nahyane. Qui est officiellement \u00e9lu tous les cinq ans mais a en r\u00e9alit\u00e9 succ\u00e9d\u00e9 \u00e0 son p\u00e8re\u2026<\/p>\n<p>En Eswatini, le nouveau nom du Swaziland, pas de subtilit\u00e9s de ce type. Les partis politiques y sont interdits et Mswati III y est roi depuis presque quarante ans. Petite particularit\u00e9, il n\u2019\u00e9tait pas l\u2019a\u00een\u00e9 de son p\u00e8re Sobhuza II mais son\u2026 67e fils\u00a0! A Brunei, Hassanal Bolkiah bat lui des records de long\u00e9vit\u00e9. Il est le sultan du petit \u00c9tat situ\u00e9 sur l\u2019\u00eele de Born\u00e9o depuis\u00a01967.<\/p>\n<p>Dans un style diff\u00e9rent, <a href=\"https:\/\/www.20minutes.fr\/diaporama\/diaporama-4163898-images-kiffance-genance-fouille-albums-photos-prince-albert-monaco\" class=\"c-link c-link--is-underlined\" target=\"_blank\" rel=\"noopener\">le prince Albert II<\/a> est lui \u00e0 la t\u00eate d\u2019une cit\u00e9-\u00c9tat, Monaco. O\u00f9 il a un r\u00f4le pr\u00e9pond\u00e9rant aussi bien \u00e0 l\u2019int\u00e9rieur qu\u2019\u00e0 l\u2019ext\u00e9rieur des\u2026 2\u00a0km2 de la principaut\u00e9. Soit cinq fois plus grand que le Vatican, o\u00f9 le Pape a autorit\u00e9.<\/p>\n<p>Des royaut\u00e9s au pouvoir partag\u00e9<\/p>\n<p>Dans ces pays, le monarque n\u2019est officiellement pas seul ma\u00eetre \u00e0 bord. Comme au Maroc, o\u00f9 le puissant roi Mohammed VI doit n\u00e9anmoins composer avec un Parlement \u00e9lu. En <a href=\"https:\/\/www.20minutes.fr\/monde\/thailande\/\" class=\"c-link c-link--is-underlined\" target=\"_blank\" rel=\"noopener\">Tha\u00eflande<\/a>, Rama X est lui certes chef des arm\u00e9es mais les pouvoirs ex\u00e9cutif, l\u00e9gislatif et judiciaire sont s\u00e9par\u00e9s. Un peu plus haut en Asie, le roi du Bhoutan Jigme Khesar Wangchuck est \u00e9galement \u00e0 la t\u00eate d\u2019une monarchie constitutionnelle, tout comme Tupou VI aux \u00eeles Tonga. En Malaisie, le roi Ibrahim Ismail a lui la singularit\u00e9 d\u2019avoir \u00e9t\u00e9\u2026 \u00e9lu\u00a0! Pas parmi n\u2019importe qui, mais au sein des sultans locaux. Il peut notamment d\u00e9cr\u00e9ter l\u2019\u00e9tat d\u2019urgence mais c\u2019est bien un gouvernement qui g\u00e8re le pays.<\/p>\n<p>En Europe, Hans-Adam II est le prince souverain du Liechtenstein depuis\u00a01989 et c\u00e8de doucement son pouvoir \u00e0 son fils Alo\u00efs. Mais le petit pays situ\u00e9 entre la Suisse et l\u2019Autriche demeure une monarchie parlementaire.<\/p>\n<p>Charles III doit \u00e9galement entrer dans cette liste en tant que chef du Commonwealth. Il est donc le monarque officiel de quinze royaumes, tels que l\u2019Australie, les Bahamas, la Jama\u00efque, la Nouvelle-Z\u00e9lande, B\u00e9lize,\u00a0etc. Sur lesquels il n\u2019a, en r\u00e9alit\u00e9, aucune emprise.<\/p>\n<p>Enfin, Emmanuel Macron peut aussi \u00eatre consid\u00e9r\u00e9 comme monarque. Le pr\u00e9sident fran\u00e7ais est coprince d\u2019Andorre, avec le coprince \u00e9piscopal Josep-Llu\u00eds Serrano Pentinat. Les deux ont n\u00e9anmoins nomm\u00e9 des repr\u00e9sentants qui administrent le minuscule \u00e9tat situ\u00e9 dans les Pyr\u00e9n\u00e9es.<\/p>\n","protected":false},"excerpt":{"rendered":"Ce n\u2019\u00e9tait pas le couronnement de Charles III mais quand m\u00eame. De nombreux dirigeants europ\u00e9ens, dont Emmanuel Macron&hellip;\n","protected":false},"author":2,"featured_media":443285,"comment_status":"","ping_status":"","sticky":false,"template":"","format":"standard","meta":{"footnotes":""},"categories":[1588],"tags":[47,11,828,581,1777,674,15831,2223,56958,56959,74,12,3126,12483,553,473,1853,971,1851,1850,1852],"class_list":{"0":"post-443284","1":"post","2":"type-post","3":"status-publish","4":"format-standard","5":"has-post-thumbnail","7":"category-royaume-uni","8":"tag-actualite","9":"tag-actualites","10":"tag-belgique","11":"tag-charles-iii","12":"tag-eu","13":"tag-europe","14":"tag-luxembourg","15":"tag-maroc","16":"tag-mohammed-ben-salmane","17":"tag-mohammed-vi","18":"tag-monde","19":"tag-news","20":"tag-prince-albert-ii","21":"tag-reine","22":"tag-roi","23":"tag-royaume-uni","24":"tag-royaume-uni-de-grande-bretagne-et-dirlande-du-nord","25":"tag-royaute","26":"tag-uk","27":"tag-united-kingdom","28":"tag-united-kingdom-of-great-britain-and-northern-ireland"},"share_on_mastodon":{"url":"https:\/\/pubeurope.com\/@fr\/115328267523102032","error":""},"_links":{"self":[{"href":"https:\/\/www.europesays.com\/fr\/wp-json\/wp\/v2\/posts\/443284","targetHints":{"allow":["GET"]}}],"collection":[{"href":"https:\/\/www.europesays.com\/fr\/wp-json\/wp\/v2\/posts"}],"about":[{"href":"https:\/\/www.europesays.com\/fr\/wp-json\/wp\/v2\/types\/post"}],"author":[{"embeddable":true,"href":"https:\/\/www.europesays.com\/fr\/wp-json\/wp\/v2\/users\/2"}],"replies":[{"embeddable":true,"href":"https:\/\/www.europesays.com\/fr\/wp-json\/wp\/v2\/comments?post=443284"}],"version-history":[{"count":0,"href":"https:\/\/www.europesays.com\/fr\/wp-json\/wp\/v2\/posts\/443284\/revisions"}],"wp:featuredmedia":[{"embeddable":true,"href":"https:\/\/www.europesays.com\/fr\/wp-json\/wp\/v2\/media\/443285"}],"wp:attachment":[{"href":"https:\/\/www.europesays.com\/fr\/wp-json\/wp\/v2\/media?parent=443284"}],"wp:term":[{"taxonomy":"category","embeddable":true,"href":"https:\/\/www.europesays.com\/fr\/wp-json\/wp\/v2\/categories?post=443284"},{"taxonomy":"post_tag","embeddable":true,"href":"https:\/\/www.europesays.com\/fr\/wp-json\/wp\/v2\/tags?post=443284"}],"curies":[{"name":"wp","href":"https:\/\/api.w.org\/{rel}","templated":true}]}}