{"id":443298,"date":"2025-10-06T17:02:17","date_gmt":"2025-10-06T17:02:17","guid":{"rendered":"https:\/\/www.europesays.com\/fr\/443298\/"},"modified":"2025-10-06T17:02:17","modified_gmt":"2025-10-06T17:02:17","slug":"une-enquete-lancee-pour-tentative-descroquerie-et-abus-de-faiblesse-sur-lancienne-star-du-xv-de-france","status":"publish","type":"post","link":"https:\/\/www.europesays.com\/fr\/443298\/","title":{"rendered":"une enqu\u00eate lanc\u00e9e pour tentative d\u2019escroquerie et abus de faiblesse sur l\u2019ancienne star du XV de France"},"content":{"rendered":"<p><strong>INFO LE FIGARO<\/strong> &#8211; Cinq ans apr\u00e8s la disparition tragique de l\u2019ex-vedette du rugby fran\u00e7ais, une enqu\u00eate a enfin \u00e9t\u00e9 diligent\u00e9e apr\u00e8s la plainte de sa veuve. Le\u00a0Figaro a pu consulter en exclusivit\u00e9 ces nouveaux \u00e9l\u00e9ments.<\/p>\n<p class=\"fig-paragraph\">Bient\u00f4t cinq ans que<a href=\"http:\/\/tvmag.lefigaro.fr\/programme-tv\/ce-soir-tele\/christophe-dominici-il-brulait-la-vie-le-rugby-a-la-folie-sur-la-chaine-l-equipe-20230624\" data-fig-type=\"Article\" data-gtm-custom-categorie=\"navigation\" data-gtm-custom-action=\"crossclick\" data-gtm-custom-label=\"Contextuel\" data-gtm-event=\"customEventSPE\" data-fig-domain=\"TVMAG\" target=\"_blank\" rel=\"noopener\">\u00a0Christophe Dominici<\/a>\u00a0a tragiquement disparu. Le 24\u00a0novembre 2020, l\u2019ancienne star du\u00a0<a href=\"http:\/\/www.lefigaro.fr\/sports\/rugby\/rugby-championship-victorieuse-de-l-argentine-l-afrique-du-sud-realise-le-double-pour-la-premiere-fois-20251004\" data-fig-type=\"NewsFlash\" data-gtm-custom-categorie=\"navigation\" data-gtm-custom-action=\"crossclick\" data-gtm-custom-label=\"Contextuel\" data-gtm-event=\"customEventSPE\" data-fig-domain=\"LEFIGARO\" target=\"_blank\" rel=\"noopener\">XV de France<\/a>\u00a0(67\u00a0s\u00e9lections de 1998 \u00e0 2007) chutait mortellement du haut d\u2019un parapet, non loin de chez lui, \u00e0 Saint-Cloud. \u00c0 seulement 48\u00a0ans. \u00c9pouvantable \u00e9pilogue d\u2019une sombre affaire. Quelques mois plus t\u00f4t, en f\u00e9vrier, l\u2019ex-ailier des Bleus a fait la connaissance de Samir Ben\u00a0Romdhane, qui s\u2019\u00e9tait pr\u00e9sent\u00e9 comme un homme d\u2019affaires \u00e9mirien fortun\u00e9 d\u00e9sireux d\u2019investir dans le domaine viticole, secteur dans lequel \u00ab\u00a0Domi\u00a0\u00bb s\u2019\u00e9tait reconverti. Avant, rapidement, de lui proposer de racheter le club de B\u00e9ziers, jadis bastion du rugby fran\u00e7ais vivotant d\u00e9sormais en deuxi\u00e8me division.<\/p>\n<p class=\"fig-paragraph\">Ben\u00a0Romdhane n\u2019avait pas l\u00e9sin\u00e9, promettant des dizaines de millions d\u2019euros pour replacer l\u2019ASBH au sommet. Enthousiaste et passionn\u00e9, Christophe Dominici s\u2019\u00e9tait jet\u00e9 corps et \u00e2me dans ce projet, dont il devait \u00eatre le patron sportif, contactant agents de joueurs et stars \u00e9trang\u00e8res pour les convaincre\u2026<\/p>\n<p class=\"fig-premium-paywall__infos\">\n        Cet article est r\u00e9serv\u00e9 aux abonn\u00e9s.        Il vous reste 92% \u00e0 d\u00e9couvrir.\n    <\/p>\n<p>                <img  data- alt=\"Le Figaro\" class=\"fig-img--complete fig-img\"\/><\/p>\n<p class=\"fig-premium-paywall__title\">J-100, Le Figaro f\u00eate ses 200 ans<\/p>\n<p class=\"fig-premium-paywall__subtitle\">Offre anniversaire : 2\u20ac\/mois pendant 200 semaines<\/p>\n<p class=\"fig-premium-paywall__connect\">\n                D\u00e9j\u00e0 abonn\u00e9\u00a0?                <a class=\"fig-premium-paywall__connect-link\" href=\"https:\/\/connect.lefigaro.fr\/login?client=horizon_web&amp;type=main&amp;redirect_uri=https%3A%2F%2Fwww.lefigaro.fr%2Fsports%2Frugby%2Fdeces-de-christophe-dominici-une-enquete-lancee-apres-la-plainte-de-sa-veuve-20251006\" data-js-gtm=\"{&quot;customCategorie&quot;: &quot;conversion&quot;, &quot;customAction&quot;: &quot;before_Landing_Connexion_paywall_auto&quot;, &quot;customLabel&quot;: &quot;bGVmaWdhcm8uZnJfXzFmMGEyOTYwLTVjZDQtNjhhYS05Y2Y2LTk3NzA2YzZmZWUyOF9fQXJ0aWNsZQ==_D\u00e9c\u00e8s de Christophe Dominici\u00a0: une enqu\u00eate lanc\u00e9e pour tentative d\u2019escroquerie et abus de faiblesse sur l\u2019ancienne star du XV de France_301&quot;, &quot;customIDSPE&quot;: &quot;bGVmaWdhcm8uZnJfXzFmMGEyOTYwLTVjZDQtNjhhYS05Y2Y2LTk3NzA2YzZmZWUyOF9fQXJ0aWNsZQ==&quot;, &quot;event&quot;: &quot;customEventSPE&quot;}\" target=\"_blank\" rel=\"noopener\"><br \/>\n                    Connectez-vous<br \/>\n                <\/a>\n            <\/p>\n","protected":false},"excerpt":{"rendered":"INFO LE FIGARO &#8211; Cinq ans apr\u00e8s la disparition tragique de l\u2019ex-vedette du rugby fran\u00e7ais, une enqu\u00eate a&hellip;\n","protected":false},"author":2,"featured_media":443299,"comment_status":"","ping_status":"","sticky":false,"template":"","format":"standard","meta":{"footnotes":""},"categories":[1416],"tags":[56960,1067,1011,27,479,1468,60],"class_list":{"0":"post-443298","1":"post","2":"type-post","3":"status-publish","4":"format-standard","5":"has-post-thumbnail","7":"category-rugby","8":"tag-christophe-dominici","9":"tag-enquete","10":"tag-fr","11":"tag-france","12":"tag-rugby","13":"tag-rugby-football","14":"tag-sports"},"share_on_mastodon":{"url":"https:\/\/pubeurope.com\/@fr\/115328302653072090","error":""},"_links":{"self":[{"href":"https:\/\/www.europesays.com\/fr\/wp-json\/wp\/v2\/posts\/443298","targetHints":{"allow":["GET"]}}],"collection":[{"href":"https:\/\/www.europesays.com\/fr\/wp-json\/wp\/v2\/posts"}],"about":[{"href":"https:\/\/www.europesays.com\/fr\/wp-json\/wp\/v2\/types\/post"}],"author":[{"embeddable":true,"href":"https:\/\/www.europesays.com\/fr\/wp-json\/wp\/v2\/users\/2"}],"replies":[{"embeddable":true,"href":"https:\/\/www.europesays.com\/fr\/wp-json\/wp\/v2\/comments?post=443298"}],"version-history":[{"count":0,"href":"https:\/\/www.europesays.com\/fr\/wp-json\/wp\/v2\/posts\/443298\/revisions"}],"wp:featuredmedia":[{"embeddable":true,"href":"https:\/\/www.europesays.com\/fr\/wp-json\/wp\/v2\/media\/443299"}],"wp:attachment":[{"href":"https:\/\/www.europesays.com\/fr\/wp-json\/wp\/v2\/media?parent=443298"}],"wp:term":[{"taxonomy":"category","embeddable":true,"href":"https:\/\/www.europesays.com\/fr\/wp-json\/wp\/v2\/categories?post=443298"},{"taxonomy":"post_tag","embeddable":true,"href":"https:\/\/www.europesays.com\/fr\/wp-json\/wp\/v2\/tags?post=443298"}],"curies":[{"name":"wp","href":"https:\/\/api.w.org\/{rel}","templated":true}]}}