{"id":443302,"date":"2025-10-06T17:06:11","date_gmt":"2025-10-06T17:06:11","guid":{"rendered":"https:\/\/www.europesays.com\/fr\/443302\/"},"modified":"2025-10-06T17:06:11","modified_gmt":"2025-10-06T17:06:11","slug":"luefa-approuve-a-contrecoeur-la-delocalisation-de-deux-matches-de-liga-et-serie-a","status":"publish","type":"post","link":"https:\/\/www.europesays.com\/fr\/443302\/","title":{"rendered":"l&rsquo;UEFA approuve \u00ab\u00e0 contrec\u0153ur\u00bb la d\u00e9localisation de deux matches de Liga et Serie A"},"content":{"rendered":"<p>L\u2019instance europ\u00e9enne a valid\u00e9 le principe de l\u2019organisation de deux matches de championnat, aux \u00c9tats-Unis et en Australie.<\/p>\n<p class=\"fig-paragraph\">L&rsquo;UEFA a approuv\u00e9 lundi \u00ab\u00e0 contrec\u0153ur\u00bb et \u00ab\u00e0 titre exceptionnel\u00bb la requ\u00eate de la Liga et de la Serie A de d\u00e9localiser deux matches de championnat aux \u00c9tats-Unis et en Australie, une premi\u00e8re mondiale.<\/p>\n<p class=\"fig-paragraph\">Dans un communiqu\u00e9, le comit\u00e9 ex\u00e9cutif de l&rsquo;instance europ\u00e9enne r\u00e9it\u00e8re n\u00e9anmoins \u00abson opposition aux matches de ligue nationale jou\u00e9s \u00e0 l&rsquo;\u00e9tranger\u00bb et s&rsquo;engage \u00e0 contribuer \u00abaux travaux en cours dirig\u00e9s par la Fifa\u00bb pour \u00e9tablir des r\u00e8gles strictes en ce sens.<\/p>\n<p>                                    <a class=\"fig-a11y-skip a11y-hidden\" href=\"#fig-a11y-skip-main-inarticle\"><br \/>\n        Passer la publicit\u00e9<br \/>\n    <\/a><\/p>\n<p class=\"fig-paragraph\">Comme demand\u00e9 cet \u00e9t\u00e9 par les f\u00e9d\u00e9rations espagnole et italienne de football, la rencontre Villarreal-Barcelone va donc pouvoir se tenir le 20 d\u00e9cembre \u00e0 Miami, avant qu&rsquo;AC Milan-C\u00f4me ne s&rsquo;expatrie le 8 f\u00e9vrier 2026 \u00e0 Perth.<\/p>\n<p class=\"fig-paragraph\">Le feu vert donn\u00e9 par l&rsquo;UEFA n&rsquo;est pas une surprise. Son pr\u00e9sident Aleksander Ceferin avait reconnu d\u00e9but septembre aupr\u00e8s du journal Politico qu&rsquo;il disposait d&rsquo;une marge de manoeuvre limit\u00e9e depuis que la Fifa a entam\u00e9 en mai une refonte de ses r\u00e8gles interdisant de disputer \u00e0 l&rsquo;\u00e9tranger les matches de championnat.<\/p>\n<p class=\"fig-paragraph\">L&rsquo;instance europ\u00e9enne explique lundi que \u00able cadre r\u00e9glementaire pertinent de la Fifa &#8211; actuellement en cours de r\u00e9vision &#8211; n&rsquo;est pas suffisamment clair et d\u00e9taill\u00e9\u00bb pour lui permettre de trancher autrement.<\/p>\n<p class=\"fig-paragraph\">\u00abBien qu&rsquo;il soit regrettable de devoir laisser ces deux matches avoir lieu, cette d\u00e9cision est exceptionnelle et ne doit pas \u00eatre consid\u00e9r\u00e9e comme un pr\u00e9c\u00e9dent. Notre engagement est clair\u00a0: prot\u00e9ger l&rsquo;int\u00e9grit\u00e9 des ligues nationales et faire en sorte que le football reste ancr\u00e9 dans son environnement d&rsquo;origine\u00bb, promet n\u00e9anmoins Aleksander Ceferin, cit\u00e9 dans le communiqu\u00e9.<\/p>\n<p class=\"fig-paragraph\">Pouss\u00e9e depuis une dizaine d&rsquo;ann\u00e9es par la Liga pour des raisons commerciales &#8211; alors que la Serie A invoque de son c\u00f4t\u00e9 le conflit entre le match AC Milan-C\u00f4me et la c\u00e9r\u00e9monie d&rsquo;ouverture des prochains JO d&rsquo;hiver -, la perspective de d\u00e9localiser des matches de championnat avait suscit\u00e9 d\u00e9but septembre une forte opposition des repr\u00e9sentants de supporters.<\/p>\n","protected":false},"excerpt":{"rendered":"L\u2019instance europ\u00e9enne a valid\u00e9 le principe de l\u2019organisation de deux matches de championnat, aux \u00c9tats-Unis et en Australie.&hellip;\n","protected":false},"author":2,"featured_media":443303,"comment_status":"","ping_status":"","sticky":false,"template":"","format":"standard","meta":{"footnotes":""},"categories":[1412],"tags":[1451,5695,1452,1453,1454,1455,1011,27,60],"class_list":{"0":"post-443302","1":"post","2":"type-post","3":"status-publish","4":"format-standard","5":"has-post-thumbnail","7":"category-f1","8":"tag-f1","9":"tag-fc-barcelone","10":"tag-formula-1","11":"tag-formula1","12":"tag-formule-1","13":"tag-formule1","14":"tag-fr","15":"tag-france","16":"tag-sports"},"share_on_mastodon":{"url":"https:\/\/pubeurope.com\/@fr\/115328318378796620","error":""},"_links":{"self":[{"href":"https:\/\/www.europesays.com\/fr\/wp-json\/wp\/v2\/posts\/443302","targetHints":{"allow":["GET"]}}],"collection":[{"href":"https:\/\/www.europesays.com\/fr\/wp-json\/wp\/v2\/posts"}],"about":[{"href":"https:\/\/www.europesays.com\/fr\/wp-json\/wp\/v2\/types\/post"}],"author":[{"embeddable":true,"href":"https:\/\/www.europesays.com\/fr\/wp-json\/wp\/v2\/users\/2"}],"replies":[{"embeddable":true,"href":"https:\/\/www.europesays.com\/fr\/wp-json\/wp\/v2\/comments?post=443302"}],"version-history":[{"count":0,"href":"https:\/\/www.europesays.com\/fr\/wp-json\/wp\/v2\/posts\/443302\/revisions"}],"wp:featuredmedia":[{"embeddable":true,"href":"https:\/\/www.europesays.com\/fr\/wp-json\/wp\/v2\/media\/443303"}],"wp:attachment":[{"href":"https:\/\/www.europesays.com\/fr\/wp-json\/wp\/v2\/media?parent=443302"}],"wp:term":[{"taxonomy":"category","embeddable":true,"href":"https:\/\/www.europesays.com\/fr\/wp-json\/wp\/v2\/categories?post=443302"},{"taxonomy":"post_tag","embeddable":true,"href":"https:\/\/www.europesays.com\/fr\/wp-json\/wp\/v2\/tags?post=443302"}],"curies":[{"name":"wp","href":"https:\/\/api.w.org\/{rel}","templated":true}]}}