{"id":443304,"date":"2025-10-06T17:08:11","date_gmt":"2025-10-06T17:08:11","guid":{"rendered":"https:\/\/www.europesays.com\/fr\/443304\/"},"modified":"2025-10-06T17:08:11","modified_gmt":"2025-10-06T17:08:11","slug":"episode-7-une-jeune-vague-verte-debarque-chez-les-bleus","status":"publish","type":"post","link":"https:\/\/www.europesays.com\/fr\/443304\/","title":{"rendered":"\u00c9pisode 7 : une jeune vague verte d\u00e9barque chez les Bleus"},"content":{"rendered":"<p>Pendant la tr\u00eave internationale d&rsquo;octobre 1975 et \u00e0 l&rsquo;approche du prochain tour de Coupe d&rsquo;Europe face aux Rangers, deux jeunes joueurs de l&rsquo;AS Saint-\u00c9tienne font leur premier pas avec l&rsquo;\u00c9quipe de France\u00a0: Dominique Bathenay et G\u00e9rard Janvion<\/p>\n<p>1975-1976, l&rsquo;incroyable saison conclue par cette finale de Coupe d&rsquo;Europe et les fameux poteaux carr\u00e9s. Jusqu&rsquo;au mois de mai prochain, semaine apr\u00e8s semaine, match apr\u00e8s match, votre radio ICI Saint-\u00c9tienne Loire vous replonge, comme si vous y \u00e9tiez, dans cette saison qui aura permis aux Verts de rentrer dans le c\u0153ur des Fran\u00e7ais.<\/p>\n<p>Septi\u00e8me \u00e9pisode de notre s\u00e9rie\u00a0: pendant la tr\u00eave internationale d&rsquo;octobre 1975 et \u00e0 l&rsquo;approche du prochain tour de Coupe d&rsquo;Europe face aux Glasgow Rangers, deux jeunes joueurs de l&rsquo;AS Saint-\u00c9tienne font leur premier pas avec l&rsquo;\u00c9quipe de France\u00a0: Dominique Bathenay et G\u00e9rard Janvion.<\/p>\n","protected":false},"excerpt":{"rendered":"Pendant la tr\u00eave internationale d&rsquo;octobre 1975 et \u00e0 l&rsquo;approche du prochain tour de Coupe d&rsquo;Europe face aux Rangers,&hellip;\n","protected":false},"author":2,"featured_media":443305,"comment_status":"","ping_status":"","sticky":false,"template":"","format":"standard","meta":{"footnotes":""},"categories":[1410],"tags":[63,1011,27,60],"class_list":{"0":"post-443304","1":"post","2":"type-post","3":"status-publish","4":"format-standard","5":"has-post-thumbnail","7":"category-football","8":"tag-football","9":"tag-fr","10":"tag-france","11":"tag-sports"},"share_on_mastodon":{"url":"https:\/\/pubeurope.com\/@fr\/115328326249683016","error":""},"_links":{"self":[{"href":"https:\/\/www.europesays.com\/fr\/wp-json\/wp\/v2\/posts\/443304","targetHints":{"allow":["GET"]}}],"collection":[{"href":"https:\/\/www.europesays.com\/fr\/wp-json\/wp\/v2\/posts"}],"about":[{"href":"https:\/\/www.europesays.com\/fr\/wp-json\/wp\/v2\/types\/post"}],"author":[{"embeddable":true,"href":"https:\/\/www.europesays.com\/fr\/wp-json\/wp\/v2\/users\/2"}],"replies":[{"embeddable":true,"href":"https:\/\/www.europesays.com\/fr\/wp-json\/wp\/v2\/comments?post=443304"}],"version-history":[{"count":0,"href":"https:\/\/www.europesays.com\/fr\/wp-json\/wp\/v2\/posts\/443304\/revisions"}],"wp:featuredmedia":[{"embeddable":true,"href":"https:\/\/www.europesays.com\/fr\/wp-json\/wp\/v2\/media\/443305"}],"wp:attachment":[{"href":"https:\/\/www.europesays.com\/fr\/wp-json\/wp\/v2\/media?parent=443304"}],"wp:term":[{"taxonomy":"category","embeddable":true,"href":"https:\/\/www.europesays.com\/fr\/wp-json\/wp\/v2\/categories?post=443304"},{"taxonomy":"post_tag","embeddable":true,"href":"https:\/\/www.europesays.com\/fr\/wp-json\/wp\/v2\/tags?post=443304"}],"curies":[{"name":"wp","href":"https:\/\/api.w.org\/{rel}","templated":true}]}}