{"id":443308,"date":"2025-10-06T17:11:17","date_gmt":"2025-10-06T17:11:17","guid":{"rendered":"https:\/\/www.europesays.com\/fr\/443308\/"},"modified":"2025-10-06T17:11:17","modified_gmt":"2025-10-06T17:11:17","slug":"aromas-la-bibliotheque-du-village-sagrandit-et-se-mobilise-pour-la-lecture","status":"publish","type":"post","link":"https:\/\/www.europesays.com\/fr\/443308\/","title":{"rendered":"Aromas. La biblioth\u00e8que du village s\u2019agrandit et se mobilise pour la lecture"},"content":{"rendered":"<p>La biblioth\u00e8que d\u2019Aromas, port\u00e9e par l\u2019association La Marge et situ\u00e9e au c\u0153ur du village, poursuit son d\u00e9veloppement. Elle vient en effet de s\u2019agrandir en ajoutant un nouveau local dans le m\u00eame b\u00e2timent, offrant ainsi plus d\u2019espace pour accueillir lecteurs et animations.<\/p>\n<p>Ouverte depuis janvier\u00a02025, la biblioth\u00e8que repose sur l\u2019\u00e9nergie d\u2019une vingtaine de b\u00e9n\u00e9voles hypermotiv\u00e9s, dynamiques et&#8230;<\/p>\n","protected":false},"excerpt":{"rendered":"La biblioth\u00e8que d\u2019Aromas, port\u00e9e par l\u2019association La Marge et situ\u00e9e au c\u0153ur du village, poursuit son d\u00e9veloppement. Elle&hellip;\n","protected":false},"author":2,"featured_media":443309,"comment_status":"","ping_status":"","sticky":false,"template":"","format":"standard","meta":{"footnotes":""},"categories":[1357],"tags":[56964,1379,1687,58,2274,59,1011,27,1380,2410,12940],"class_list":{"0":"post-443308","1":"post","2":"type-post","3":"status-publish","4":"format-standard","5":"has-post-thumbnail","7":"category-livres","8":"tag-aromas","9":"tag-books","10":"tag-culture-loisirs","11":"tag-divertissement","12":"tag-edition-jura-sud","13":"tag-entertainment","14":"tag-fr","15":"tag-france","16":"tag-livres","17":"tag-livres-bd","18":"tag-lons-le-saunier-bassin"},"share_on_mastodon":{"url":"https:\/\/pubeurope.com\/@fr\/115328338214494767","error":""},"_links":{"self":[{"href":"https:\/\/www.europesays.com\/fr\/wp-json\/wp\/v2\/posts\/443308","targetHints":{"allow":["GET"]}}],"collection":[{"href":"https:\/\/www.europesays.com\/fr\/wp-json\/wp\/v2\/posts"}],"about":[{"href":"https:\/\/www.europesays.com\/fr\/wp-json\/wp\/v2\/types\/post"}],"author":[{"embeddable":true,"href":"https:\/\/www.europesays.com\/fr\/wp-json\/wp\/v2\/users\/2"}],"replies":[{"embeddable":true,"href":"https:\/\/www.europesays.com\/fr\/wp-json\/wp\/v2\/comments?post=443308"}],"version-history":[{"count":0,"href":"https:\/\/www.europesays.com\/fr\/wp-json\/wp\/v2\/posts\/443308\/revisions"}],"wp:featuredmedia":[{"embeddable":true,"href":"https:\/\/www.europesays.com\/fr\/wp-json\/wp\/v2\/media\/443309"}],"wp:attachment":[{"href":"https:\/\/www.europesays.com\/fr\/wp-json\/wp\/v2\/media?parent=443308"}],"wp:term":[{"taxonomy":"category","embeddable":true,"href":"https:\/\/www.europesays.com\/fr\/wp-json\/wp\/v2\/categories?post=443308"},{"taxonomy":"post_tag","embeddable":true,"href":"https:\/\/www.europesays.com\/fr\/wp-json\/wp\/v2\/tags?post=443308"}],"curies":[{"name":"wp","href":"https:\/\/api.w.org\/{rel}","templated":true}]}}