{"id":443312,"date":"2025-10-06T17:15:13","date_gmt":"2025-10-06T17:15:13","guid":{"rendered":"https:\/\/www.europesays.com\/fr\/443312\/"},"modified":"2025-10-06T17:15:13","modified_gmt":"2025-10-06T17:15:13","slug":"dole-touchees-par-le-cancer-du-sein-dix-femmes-sensibilisent-au-depistage","status":"publish","type":"post","link":"https:\/\/www.europesays.com\/fr\/443312\/","title":{"rendered":"Dole. Touch\u00e9es par le cancer du sein, dix femmes sensibilisent au d\u00e9pistage"},"content":{"rendered":"<p>Avec sa Faran\u2019Dole d\u2019Octobre rose, une marche qui a r\u00e9uni des centaines de participants et qui, sur l\u2019esplanade du club d\u2019aviron o\u00f9 \u00e9tait install\u00e9 un vrai village et stands, Espace sant\u00e9 a lanc\u00e9 le mois de sensibilisation au d\u00e9pistage du cancer du sein.<\/p>\n<p>Une exposition dans un lieu fr\u00e9quent\u00e9<\/p>\n<p>Ne faisant pas les choses \u00e0 moiti\u00e9, Espace sant\u00e9 continue dans ses actions de pr\u00e9vention, en organisant cette&#8230;<\/p>\n","protected":false},"excerpt":{"rendered":"Avec sa Faran\u2019Dole d\u2019Octobre rose, une marche qui a r\u00e9uni des centaines de participants et qui, sur l\u2019esplanade&hellip;\n","protected":false},"author":2,"featured_media":443313,"comment_status":"","ping_status":"","sticky":false,"template":"","format":"standard","meta":{"footnotes":""},"categories":[10],"tags":[42096,42097,14809,1011,27,72,71,104],"class_list":{"0":"post-443312","1":"post","2":"type-post","3":"status-publish","4":"format-standard","5":"has-post-thumbnail","7":"category-sante","8":"tag-dole","9":"tag-dole-ville","10":"tag-edition-jura-nord","11":"tag-fr","12":"tag-france","13":"tag-health","14":"tag-sante","15":"tag-societe"},"share_on_mastodon":{"url":"https:\/\/pubeurope.com\/@fr\/115328353872756082","error":""},"_links":{"self":[{"href":"https:\/\/www.europesays.com\/fr\/wp-json\/wp\/v2\/posts\/443312","targetHints":{"allow":["GET"]}}],"collection":[{"href":"https:\/\/www.europesays.com\/fr\/wp-json\/wp\/v2\/posts"}],"about":[{"href":"https:\/\/www.europesays.com\/fr\/wp-json\/wp\/v2\/types\/post"}],"author":[{"embeddable":true,"href":"https:\/\/www.europesays.com\/fr\/wp-json\/wp\/v2\/users\/2"}],"replies":[{"embeddable":true,"href":"https:\/\/www.europesays.com\/fr\/wp-json\/wp\/v2\/comments?post=443312"}],"version-history":[{"count":0,"href":"https:\/\/www.europesays.com\/fr\/wp-json\/wp\/v2\/posts\/443312\/revisions"}],"wp:featuredmedia":[{"embeddable":true,"href":"https:\/\/www.europesays.com\/fr\/wp-json\/wp\/v2\/media\/443313"}],"wp:attachment":[{"href":"https:\/\/www.europesays.com\/fr\/wp-json\/wp\/v2\/media?parent=443312"}],"wp:term":[{"taxonomy":"category","embeddable":true,"href":"https:\/\/www.europesays.com\/fr\/wp-json\/wp\/v2\/categories?post=443312"},{"taxonomy":"post_tag","embeddable":true,"href":"https:\/\/www.europesays.com\/fr\/wp-json\/wp\/v2\/tags?post=443312"}],"curies":[{"name":"wp","href":"https:\/\/api.w.org\/{rel}","templated":true}]}}