{"id":443326,"date":"2025-10-06T17:23:51","date_gmt":"2025-10-06T17:23:51","guid":{"rendered":"https:\/\/www.europesays.com\/fr\/443326\/"},"modified":"2025-10-06T17:23:51","modified_gmt":"2025-10-06T17:23:51","slug":"saint-etienne-la-terrasse-avec-openfactory-la-fabrication-digitale-est-a-la-portee-de-tous","status":"publish","type":"post","link":"https:\/\/www.europesays.com\/fr\/443326\/","title":{"rendered":"Saint-\u00c9tienne\/La Terrasse. Avec Openfactory, la fabrication digitale est \u00e0 la port\u00e9e de tous"},"content":{"rendered":"<p>Au FabLab Openfactory 42, les projets sont l\u00e9gion. \u00ab\u00a0Sur les 250 adh\u00e9rents, certains viennent seulement trois heures. Et il y en a d\u2019autres que l\u2019on voit tr\u00e8s souvent, toute l\u2019ann\u00e9e\u00a0\u00bb, explique Tanguy Armand, salari\u00e9 de l\u2019association.<\/p>\n<p>Tous b\u00e9n\u00e9ficient d\u2019un parc important de machines, sur une surface de 300\u00a0m2 , aux Forges, rue du Docteur-R\u00e9my-Annino. \u00ab\u00a0L\u2019objectif est de rendre la fabrication digitale la plus accessible possible, \u00e0 tous les habitants du territoire, confie encore Tanguy Armand. C\u2019est notre mission d\u2019\u00e9ducation&#8230;<\/p>\n","protected":false},"excerpt":{"rendered":"Au FabLab Openfactory 42, les projets sont l\u00e9gion. \u00ab\u00a0Sur les 250 adh\u00e9rents, certains viennent seulement trois heures. Et&hellip;\n","protected":false},"author":2,"featured_media":443327,"comment_status":"","ping_status":"","sticky":false,"template":"","format":"standard","meta":{"footnotes":""},"categories":[9653],"tags":[1111,11,2430,7539,1777,674,1011,27,12,25,4001,7538,104,1631],"class_list":{"0":"post-443326","1":"post","2":"type-post","3":"status-publish","4":"format-standard","5":"has-post-thumbnail","7":"category-saint-etienne","8":"tag-actu","9":"tag-actualites","10":"tag-auvergne-rhone-alpes","11":"tag-edition-loire-sud","12":"tag-eu","13":"tag-europe","14":"tag-fr","15":"tag-france","16":"tag-news","17":"tag-republique-francaise","18":"tag-saint-etienne","19":"tag-saint-etienne-ville","20":"tag-societe","21":"tag-vie-associative"},"share_on_mastodon":{"url":"https:\/\/pubeurope.com\/@fr\/115328389313746815","error":""},"_links":{"self":[{"href":"https:\/\/www.europesays.com\/fr\/wp-json\/wp\/v2\/posts\/443326","targetHints":{"allow":["GET"]}}],"collection":[{"href":"https:\/\/www.europesays.com\/fr\/wp-json\/wp\/v2\/posts"}],"about":[{"href":"https:\/\/www.europesays.com\/fr\/wp-json\/wp\/v2\/types\/post"}],"author":[{"embeddable":true,"href":"https:\/\/www.europesays.com\/fr\/wp-json\/wp\/v2\/users\/2"}],"replies":[{"embeddable":true,"href":"https:\/\/www.europesays.com\/fr\/wp-json\/wp\/v2\/comments?post=443326"}],"version-history":[{"count":0,"href":"https:\/\/www.europesays.com\/fr\/wp-json\/wp\/v2\/posts\/443326\/revisions"}],"wp:featuredmedia":[{"embeddable":true,"href":"https:\/\/www.europesays.com\/fr\/wp-json\/wp\/v2\/media\/443327"}],"wp:attachment":[{"href":"https:\/\/www.europesays.com\/fr\/wp-json\/wp\/v2\/media?parent=443326"}],"wp:term":[{"taxonomy":"category","embeddable":true,"href":"https:\/\/www.europesays.com\/fr\/wp-json\/wp\/v2\/categories?post=443326"},{"taxonomy":"post_tag","embeddable":true,"href":"https:\/\/www.europesays.com\/fr\/wp-json\/wp\/v2\/tags?post=443326"}],"curies":[{"name":"wp","href":"https:\/\/api.w.org\/{rel}","templated":true}]}}