{"id":443338,"date":"2025-10-06T17:29:11","date_gmt":"2025-10-06T17:29:11","guid":{"rendered":"https:\/\/www.europesays.com\/fr\/443338\/"},"modified":"2025-10-06T17:29:11","modified_gmt":"2025-10-06T17:29:11","slug":"surprenante-vague-de-vols-en-plein-jour-du-polygone-aux-trains-regionaux","status":"publish","type":"post","link":"https:\/\/www.europesays.com\/fr\/443338\/","title":{"rendered":"surprenante vague de vols en plein jour, du Polygone aux trains r\u00e9gionaux"},"content":{"rendered":"<p>            Par<br \/>\n        <strong><br \/>\n            <a href=\"https:\/\/actu.fr\/auteur\/lea-pippinato\" title=\"Consulter tous les articles de L\u00e9a Pippinato\" rel=\"nofollow noopener\" target=\"_blank\">L\u00e9a Pippinato<\/a><br \/>\n        <\/strong><\/p>\n<p>        Publi\u00e9 le<\/p>\n<p>            6 oct. 2025 \u00e0 18h29<br \/>\n        ; mis \u00e0 jour le 6 oct. 2025 \u00e0 18h41    <\/p>\n<p>Une trottinette forc\u00e9e en plein centre-ville, une casquette arrach\u00e9e \u00e0 un adolescent, un rasoir brandi dans un train\u2026 En deux jours, <strong>policiers<\/strong> et <strong>agents SNCF<\/strong> ont eu fort \u00e0 faire.<\/p>\n<p class=\" wall-content\"><strong>Ce vendredi 3 octobre 2025<\/strong>, en fin de matin\u00e9e, une jeune femme de 19 ans voyageait entre Narbonne et Montpellier lorsqu\u2019elle a \u00e9t\u00e9 victime d\u2019un vol sous la menace. Deux hommes se sont assis pr\u00e8s d\u2019elle. L\u2019un d\u2019eux a sorti un petit rasoir jetable et a commenc\u00e9 \u00e0 d\u00e9tacher la lame : ce geste a suffi \u00e0 l\u2019effrayer. La passag\u00e8re s\u2019est lev\u00e9e pour pr\u00e9venir le contr\u00f4leur, laissant derri\u00e8re elle ses bagages. \u00c0 son retour, les deux individus avaient disparu. Des t\u00e9moins ont racont\u00e9 avoir vu les hommes fouiller dans ses affaires pendant son absence. Elle a constat\u00e9 le vol de 240 euros en liquide.<\/p>\n<p class=\" wall-content\">Des agents de la police ferroviaire en civil pr\u00e9sents \u00e0 bord sont intervenus. Les deux suspects, \u00e2g\u00e9s de 24 et 48 ans, ont \u00e9t\u00e9 interpell\u00e9s \u00e0 l\u2019arriv\u00e9e du train en gare de Montpellier. L\u2019argent a \u00e9t\u00e9 retrouv\u00e9 sur l\u2019un d\u2019eux et restitu\u00e9 \u00e0 la victime. Le tribunal a ordonn\u00e9 une interdiction de para\u00eetre dans l\u2019H\u00e9rault pendant six mois.<\/p>\n<p>Les vols de deux-roues s\u2019encha\u00eenent en centre-ville<\/p>\n<p class=\" wall-content\">Entre ce vendredi 3 et le samedi 4 octobre, plusieurs vols de trottinettes et de v\u00e9los ont eu lieu pr\u00e8s du Polygone, c\u0153ur commercial de Montpellier. Les policiers ont multipli\u00e9 les interventions, souvent en flagrant d\u00e9lit.<\/p>\n<p>    <a href=\"https:\/\/www.google.com\/maps\/embed?pb=!1m18!1m12!1m3!1d5777.815890890834!2d3.882198576459864!3d43.60845827110437!2m3!1f0!2f0!3f0!3m2!1i1024!2i768!4f13.1!3m3!1m2!1s0x12b6afa047b78a77%3A0x2a496e9a99a5d4a5!2sCentre%20Commercial%20Le%20Polygone!5e0!3m2!1sen!2sfr!4v1759767293984!5m2!1sen!2sfr\" title=\"Ouvrie le lien\" rel=\"nofollow noopener\" target=\"_blank\">Cliquez ici pour visualiser le contenu<\/a><\/p>\n<p class=\" wall-content\"><strong>Vendredi apr\u00e8s-midi<\/strong>, un homme de 25 ans a \u00e9t\u00e9 surpris all\u00e9e Jules Milhau en train de forcer le cadenas d\u2019une trottinette. Il venait de s\u2019en emparer quand la police l\u2019a arr\u00eat\u00e9. Il a expliqu\u00e9 vouloir \u00ab\u00a0gagner un peu d\u2019argent\u00a0\u00bb. Il r\u00e9side \u00e0 Lunel et fait l\u2019objet d\u2019une OQTF (obligation de quitter le territoire fran\u00e7ais). Il a \u00e9t\u00e9 pr\u00e9sent\u00e9 au parquet pour recevoir une CRPC, une convocation sur reconnaissance pr\u00e9alable de culpabilit\u00e9. <strong>Le lendemain<\/strong>, \u00e0 14h, deux mineurs de 14 et 15 ans ont tent\u00e9 de voler une autre trottinette au m\u00eame endroit. L\u2019un coupait le cadenas, l\u2019autre surveillait les environs. La Bac (brigade anticriminalit\u00e9) les a intercept\u00e9s place de la Com\u00e9die, peu apr\u00e8s les faits. Les deux gar\u00e7ons ont reconnu le vol. La propri\u00e9taire, une adolescente du m\u00eame \u00e2ge, a r\u00e9cup\u00e9r\u00e9 son bien. Les jeunes devront effectuer un stage de formation civique, d\u00e9cid\u00e9 par le d\u00e9l\u00e9gu\u00e9 du procureur.<\/p>\n<p>Vid\u00e9os : en ce moment sur Actu<\/p>\n<p class=\" wall-content\"><strong>Le m\u00eame soir<\/strong>, \u00e0 23h15, un homme a \u00e9t\u00e9 interpell\u00e9 cours Gambetta alors qu\u2019il proposait deux v\u00e9los \u00e0 la vente sur la voie publique. L\u2019un des v\u00e9los avait \u00e9t\u00e9 vol\u00e9 quelques heures plus t\u00f4t rue des Salins. Son propri\u00e9taire a pu le r\u00e9cup\u00e9rer. L\u2019autre v\u00e9lo, pliable, d\u2019une valeur estim\u00e9e \u00e0 300 euros, aurait \u00e9t\u00e9 \u00ab\u00a0achet\u00e9 17 euros au march\u00e9 de la Paillade\u00a0\u00bb, selon le suspect de 31 ans. L\u2019homme, sous le coup d\u2019une OQTF, a \u00e9cop\u00e9 d\u2019une interdiction de para\u00eetre \u00e0 Montpellier pendant six mois.<\/p>\n<p>Votre r\u00e9gion, votre actu !<\/p>\n<p>Recevez chaque jour les infos qui comptent pour vous.<\/p>\n<p>\t<a href=\"https:\/\/actu.fr\/newsletter\" class=\"ac-btn ac-btn--corner ac-btn--medium ac-btn--blue800\" rel=\"nofollow noopener\" target=\"_blank\">S&rsquo;incrire<\/a><br \/>\nUne casquette \u00e0 60 euros vol\u00e9e en plein centre<\/p>\n<p class=\" wall-content\"><strong>Toujours ce samedi 4 octobre<\/strong>, vers 17h, un adolescent d\u2019une quinzaine d\u2019ann\u00e9es s\u2019est fait encercler par un groupe \u00e0 l\u2019arr\u00eat de tramway de la Com\u00e9die. L\u2019un des jeunes a arrach\u00e9 sa casquette avant de s\u2019enfuir. Des policiers nationaux, d\u00e9j\u00e0 sur place, ont rattrap\u00e9 les deux auteurs principaux : un gar\u00e7on de 13 ans et un autre de 15 ans.<\/p>\n<p class=\" wall-content\">Le plus jeune a reconnu le vol. Il a expliqu\u00e9 avoir voulu la casquette, de la marque Gertrude, parce qu\u2019il la trouvait \u00ab\u00a0belle.\u00a0\u00bb Elle valait environ 60 euros. L\u2019adolescent a d\u00e9clar\u00e9 ne pas regretter son geste, seulement son arrestation. Les deux mineurs ont \u00e9t\u00e9 remis \u00e0 leurs parents et sont convoqu\u00e9s le 26 novembre devant le d\u00e9l\u00e9gu\u00e9 du procureur.<\/p>\n<p class=\" wall-content\">Personnalisez votre actualit\u00e9 en ajoutant vos villes et m\u00e9dias en favori avec <a href=\"https:\/\/moncompte.actu.fr\" title=\"D\u00e9couvez Mon Actu\" rel=\"nofollow noopener\" data-trk=\"{&quot;cta&quot;:{&quot;action&quot;:&quot;https:\\\/\\\/moncompte.actu.fr&quot;,&quot;category&quot;:&quot;mon compte&quot;,&quot;from&quot;:&quot;article footer&quot;,&quot;name&quot;:&quot;Mon actu&quot;,&quot;type&quot;:&quot;cta&quot;}}\" target=\"_blank\">Mon Actu<\/a>.<\/p>\n","protected":false},"excerpt":{"rendered":"Par L\u00e9a Pippinato Publi\u00e9 le 6 oct. 2025 \u00e0 18h29 ; mis \u00e0 jour le 6 oct. 2025&hellip;\n","protected":false},"author":2,"featured_media":443339,"comment_status":"","ping_status":"","sticky":false,"template":"","format":"standard","meta":{"footnotes":""},"categories":[9599],"tags":[1111,11,1777,674,118,1011,27,303,2208,12,2680,1072,25,2803],"class_list":{"0":"post-443338","1":"post","2":"type-post","3":"status-publish","4":"format-standard","5":"has-post-thumbnail","7":"category-montpellier","8":"tag-actu","9":"tag-actualites","10":"tag-eu","11":"tag-europe","12":"tag-faits-divers","13":"tag-fr","14":"tag-france","15":"tag-justice","16":"tag-montpellier","17":"tag-news","18":"tag-occitanie","19":"tag-police","20":"tag-republique-francaise","21":"tag-transport"},"share_on_mastodon":{"url":"https:\/\/pubeurope.com\/@fr\/115328408912081668","error":""},"_links":{"self":[{"href":"https:\/\/www.europesays.com\/fr\/wp-json\/wp\/v2\/posts\/443338","targetHints":{"allow":["GET"]}}],"collection":[{"href":"https:\/\/www.europesays.com\/fr\/wp-json\/wp\/v2\/posts"}],"about":[{"href":"https:\/\/www.europesays.com\/fr\/wp-json\/wp\/v2\/types\/post"}],"author":[{"embeddable":true,"href":"https:\/\/www.europesays.com\/fr\/wp-json\/wp\/v2\/users\/2"}],"replies":[{"embeddable":true,"href":"https:\/\/www.europesays.com\/fr\/wp-json\/wp\/v2\/comments?post=443338"}],"version-history":[{"count":0,"href":"https:\/\/www.europesays.com\/fr\/wp-json\/wp\/v2\/posts\/443338\/revisions"}],"wp:featuredmedia":[{"embeddable":true,"href":"https:\/\/www.europesays.com\/fr\/wp-json\/wp\/v2\/media\/443339"}],"wp:attachment":[{"href":"https:\/\/www.europesays.com\/fr\/wp-json\/wp\/v2\/media?parent=443338"}],"wp:term":[{"taxonomy":"category","embeddable":true,"href":"https:\/\/www.europesays.com\/fr\/wp-json\/wp\/v2\/categories?post=443338"},{"taxonomy":"post_tag","embeddable":true,"href":"https:\/\/www.europesays.com\/fr\/wp-json\/wp\/v2\/tags?post=443338"}],"curies":[{"name":"wp","href":"https:\/\/api.w.org\/{rel}","templated":true}]}}