{"id":443340,"date":"2025-10-06T17:30:13","date_gmt":"2025-10-06T17:30:13","guid":{"rendered":"https:\/\/www.europesays.com\/fr\/443340\/"},"modified":"2025-10-06T17:30:13","modified_gmt":"2025-10-06T17:30:13","slug":"isabelle-perrein-seduit-le-modem-en-esperant-faire-de-meme-avec-les-commercants","status":"publish","type":"post","link":"https:\/\/www.europesays.com\/fr\/443340\/","title":{"rendered":"Isabelle Perrein s\u00e9duit le MoDem, en esp\u00e9rant faire de m\u00eame avec les commer\u00e7ants"},"content":{"rendered":"<p>            Par<br \/>\n        <strong><br \/>\n            <a href=\"https:\/\/actu.fr\/auteur\/c-nithard\" title=\"Consulter tous les articles de C\u00e9dric Nithard\" rel=\"nofollow noopener\" target=\"_blank\">C\u00e9dric Nithard<\/a><br \/>\n        <\/strong><\/p>\n<p>        Publi\u00e9 le<\/p>\n<p>            6 oct. 2025 \u00e0 19h13        <\/p>\n<p>T\u00eate de liste du mouvement <strong>Aimer Montpellier<\/strong>, <strong>Isabelle Perrein<\/strong> a enregistr\u00e9 <strong>le soutien<\/strong> du <strong>MoDem 34<\/strong>. S\u2019affichant jusqu\u2019\u00e0 pr\u00e9sent sans \u00e9tiquette pour esp\u00e9rer s\u00e9duire le plus largement possible,<strong> la candidate aux municipales<\/strong> poursuit <strong>sa campagne sur le terrain<\/strong>, sans oublier les r\u00e9seaux sociaux, avec au programme cette semaine des rencontres avec les parents d\u2019\u00e9l\u00e8ves et une r\u00e9union publique s\u2019adressant <strong>aux commer\u00e7ants, artisans et ind\u00e9pendants<\/strong>.<\/p>\n<p>Soutien du MoDem<\/p>\n<p class=\" wall-content\"><a href=\"https:\/\/actu.fr\/occitanie\/montpellier_34172\/montpellier-isabelle-perrein-une-coureuse-de-fond-prete-pour-les-municipales_62468936.html\" rel=\"nofollow noopener\" target=\"_blank\">Si Isabelle Perrein s\u2019est toujours d\u00e9fendue d\u2019avoir une chapelle politique<\/a>, il n\u2019en reste pas moins que quelques indices laissent entendre certaines accointances avec le centre et la droite. De Joseph Francis de l\u2019UDI \u00e0 la baguette, \u00e0 <a href=\"https:\/\/actu.fr\/occitanie\/montpellier_34172\/montpellier-nouvelle-energie-le-parti-de-david-lisnard-poursuit-son-implantation-locale_60989204.html\" rel=\"nofollow noopener\" target=\"_blank\">Philippe Thin\u00e8s de Nouvelle \u00c9nergie, le mouvement du vice-pr\u00e9sident des R\u00e9publicains David Lisnard<\/a>, dans le coeur de l\u2019organisation, en passant par justement <a href=\"https:\/\/actu.fr\/occitanie\/montpellier_34172\/municipales-a-montpellier-isabelle-perrein-presente-des-voeux-sous-forme-de-debut-de-programme_62188954.html\" rel=\"nofollow noopener\" target=\"_blank\">l\u2019oeil bienveillant, en attendant mieux, des R\u00e9publicains<\/a> qui n\u2019ont pas mieux, si ce n\u2019est personne \u00e0 pr\u00e9senter, s\u2019ajoute d\u00e9sormais le soutien apport\u00e9 par le Mouvement D\u00e9mocrate (MoDem).<\/p>\n<p class=\" wall-content\">\u00ab\u00a0Nous partageons sa vision d\u2019une ville plus s\u00fbre, plus solidaire et plus rassembl\u00e9e. Face aux d\u00e9fis de notre temps, nous sommes convaincus que Montpellier a besoin d\u2019un nouveau souffle d\u00e9mocratique, d\u2019une gouvernance plus \u00e9thique, plus transparente et r\u00e9solument tourn\u00e9e vers l\u2019int\u00e9r\u00eat g\u00e9n\u00e9ral\u00a0\u00bb explique le MoDem 34 qui entend \u00ab\u00a0apporter \u00e0 cette dynamique son engagement humaniste, son exigence de rigueur dans la gestion des deniers publics, et sa volont\u00e9 de rassembler largement autour d\u2019un projet constructif et apais\u00e9\u00a0\u00bb. Et de conclure : \u00ab\u00a0Avec Isabelle Perrein, le changement est possible. Ensemble, construisons une ville fid\u00e8le \u00e0 ses valeurs, au service de tous les Montpelli\u00e9rains\u00a0\u00bb.<\/p>\n<p>Une campagne sur le terrain et les r\u00e9seaux<\/p>\n<p class=\" wall-content\">Il y a une dizaine de jours, Isabelle Perrein a d\u00e9voil\u00e9 son local de campagne. Mais avec une originalit\u00e9 puisqu\u2019il ne s\u2019agit pas d\u2019un local commercial r\u00e9cup\u00e9r\u00e9 comme de tradition, mais d\u2019une permanence de campagne itin\u00e9rante prenant la forme d\u2019une caravane vintage verte. Une sorte de \u00ab\u00a0PoliticTruck\u00a0\u00bb destin\u00e9e \u00e0 faciliter la rencontre avec les habitants dans chaque quartier de la ville tous les samedis \u00e0 11h30.<\/p>\n<p>Vid\u00e9os : en ce moment sur Actu<\/p>\n<p class=\" wall-content\">Mais le terrain ne s\u2019arr\u00eate pas l\u00e0, puisque cette semaine la candidate ira \u00e0 la rencontre des parents d\u2019\u00e9l\u00e8ves de diff\u00e9rentes \u00e9coles de la ville. Avec un autre rendez-vous important ce mardi 7 octobre \u00e0 19h30 \u00e0 la salle Pelloutier, 15 place Zeus, \u00e0 Montpellier. Isabelle Perrein y tiendra une r\u00e9union publique sur les th\u00e8me \u00ab\u00a0Commer\u00e7ants, artisans et ind\u00e9pendants : quel avenir \u00e0 Montpellier ?\u00a0\u00bb. Acc\u00e8s aux v\u00e9hicules, stationnement, livraisons, ins\u00e9curit\u00e9, d\u00e9chets\u2026 ne manqueront pas d\u2019\u00eatre abord\u00e9s et les solutions avanc\u00e9es par la candidate seront d\u00e9taill\u00e9es.<\/p>\n<p>    <a href=\"https:\/\/www.facebook.com\/plugins\/video.php?height=476&amp;href=https%3A%2F%2Fwww.facebook.com%2Freel%2F1337744934404626%2F&amp;show_text=true&amp;width=350&amp;t=0\" title=\"Ouvrie le lien\" rel=\"nofollow noopener\" target=\"_blank\">Cliquez ici pour visualiser le contenu<\/a><\/p>\n<p>Votre r\u00e9gion, votre actu !<\/p>\n<p>Recevez chaque jour les infos qui comptent pour vous.<\/p>\n<p>\t<a href=\"https:\/\/actu.fr\/newsletter\" class=\"ac-btn ac-btn--corner ac-btn--medium ac-btn--blue800\" rel=\"nofollow noopener\" target=\"_blank\">S&rsquo;incrire<\/a><\/p>\n<p class=\" wall-content\">Enfin, d\u00e9j\u00e0 tr\u00e8s pr\u00e9sente sur les r\u00e9seaux sociaux depuis son entr\u00e9e en campagne il y a deux ans, Isabelle Perrein a \u00e9galement lanc\u00e9 derni\u00e8rement sa cha\u00eene Youtube avec un premier live, ce lundi 6 octobre \u00e0 19h consacr\u00e9 \u00e0 la s\u00e9curit\u00e9. Au programme de \u00ab\u00a0ces \u00e9changes vid\u00e9os interactifs et en direct, vous pourrez me poser toutes vos questions et partager vos pr\u00e9occupations sur l\u2019ins\u00e9curit\u00e9 qui pollue votre quotidien. J\u2019apporterai des solutions concr\u00e8tes pour qu\u2019\u00e0 Montpellier, face aux d\u00e9linquants il y est une tol\u00e9rance z\u00e9ro\u00a0\u00bb.\u00a0<\/p>\n<p class=\" wall-content\">Personnalisez votre actualit\u00e9 en ajoutant vos villes et m\u00e9dias en favori avec <a href=\"https:\/\/moncompte.actu.fr\" title=\"D\u00e9couvez Mon Actu\" rel=\"nofollow noopener\" data-trk=\"{&quot;cta&quot;:{&quot;action&quot;:&quot;https:\\\/\\\/moncompte.actu.fr&quot;,&quot;category&quot;:&quot;mon compte&quot;,&quot;from&quot;:&quot;article footer&quot;,&quot;name&quot;:&quot;Mon actu&quot;,&quot;type&quot;:&quot;cta&quot;}}\" target=\"_blank\">Mon Actu<\/a>.<\/p>\n","protected":false},"excerpt":{"rendered":"Par C\u00e9dric Nithard Publi\u00e9 le 6 oct. 2025 \u00e0 19h13 T\u00eate de liste du mouvement Aimer Montpellier, Isabelle&hellip;\n","protected":false},"author":2,"featured_media":443341,"comment_status":"","ping_status":"","sticky":false,"template":"","format":"standard","meta":{"footnotes":""},"categories":[9599],"tags":[1111,11,4188,1777,674,1011,27,2208,12,2680,316,25],"class_list":{"0":"post-443340","1":"post","2":"type-post","3":"status-publish","4":"format-standard","5":"has-post-thumbnail","7":"category-montpellier","8":"tag-actu","9":"tag-actualites","10":"tag-elections-municipales","11":"tag-eu","12":"tag-europe","13":"tag-fr","14":"tag-france","15":"tag-montpellier","16":"tag-news","17":"tag-occitanie","18":"tag-politique","19":"tag-republique-francaise"},"share_on_mastodon":{"url":"https:\/\/pubeurope.com\/@fr\/115328412819785448","error":""},"_links":{"self":[{"href":"https:\/\/www.europesays.com\/fr\/wp-json\/wp\/v2\/posts\/443340","targetHints":{"allow":["GET"]}}],"collection":[{"href":"https:\/\/www.europesays.com\/fr\/wp-json\/wp\/v2\/posts"}],"about":[{"href":"https:\/\/www.europesays.com\/fr\/wp-json\/wp\/v2\/types\/post"}],"author":[{"embeddable":true,"href":"https:\/\/www.europesays.com\/fr\/wp-json\/wp\/v2\/users\/2"}],"replies":[{"embeddable":true,"href":"https:\/\/www.europesays.com\/fr\/wp-json\/wp\/v2\/comments?post=443340"}],"version-history":[{"count":0,"href":"https:\/\/www.europesays.com\/fr\/wp-json\/wp\/v2\/posts\/443340\/revisions"}],"wp:featuredmedia":[{"embeddable":true,"href":"https:\/\/www.europesays.com\/fr\/wp-json\/wp\/v2\/media\/443341"}],"wp:attachment":[{"href":"https:\/\/www.europesays.com\/fr\/wp-json\/wp\/v2\/media?parent=443340"}],"wp:term":[{"taxonomy":"category","embeddable":true,"href":"https:\/\/www.europesays.com\/fr\/wp-json\/wp\/v2\/categories?post=443340"},{"taxonomy":"post_tag","embeddable":true,"href":"https:\/\/www.europesays.com\/fr\/wp-json\/wp\/v2\/tags?post=443340"}],"curies":[{"name":"wp","href":"https:\/\/api.w.org\/{rel}","templated":true}]}}