{"id":443342,"date":"2025-10-06T17:31:15","date_gmt":"2025-10-06T17:31:15","guid":{"rendered":"https:\/\/www.europesays.com\/fr\/443342\/"},"modified":"2025-10-06T17:31:15","modified_gmt":"2025-10-06T17:31:15","slug":"a-rouen-une-avocate-penaliste-mise-en-cause-en-marge-de-laffaire-amra","status":"publish","type":"post","link":"https:\/\/www.europesays.com\/fr\/443342\/","title":{"rendered":"\u00c0 Rouen, une avocate p\u00e9naliste mise en cause en marge de l&rsquo;affaire Amra"},"content":{"rendered":"<p>\n      Enqu\u00eate\n    <\/p>\n<p class=\"paragraph-03\">\n            Par<br \/>\n              Manuel Sanson<\/p>\n<p>              &#8211; le<\/p>\n<p>                06\/10\/2025<\/p>\n<p>              \u00e0<\/p>\n<p>                17h00<\/p>\n<p class=\"headline-2 text-bold page-article__summary\">\n        Une jeune avocate rouennaise a \u00e9t\u00e9 plac\u00e9e en garde \u00e0 vue par la police judiciaire sous le soup\u00e7on d&rsquo;avoir d\u00e9voil\u00e9 des informations couvertes par le secret \u00e0 un d\u00e9tenu. Ce dernier s&rsquo;av\u00e8re \u00eatre l&rsquo;un des tr\u00e8s proches de Mohammed Amra, l&rsquo;un des d\u00e9tenus les plus dangereux de France depuis son \u00e9vasion sanglante au p\u00e9age d&rsquo;Incarville. Depuis quelques semaines, l&rsquo;enqu\u00eate, men\u00e9e \u00e0 Lille, agite le petit monde judiciaire rouennais.\n      <\/p>\n<p>Une dr\u00f4le d&rsquo;affaire agite, plus ou moins discr\u00e8tement, le barreau de Rouen depuis plusieurs semaines. Le cas est particuli\u00e8rement rare et grave.&#13;<br \/>\nSelon nos informations, une avocate p\u00e9naliste \u00e9t\u00e9 plac\u00e9e en garde \u00e0 vue et perquisitionn\u00e9e dans le cadre d\u2019une enqu\u00eate pr\u00e9liminaire men\u00e9e entre autres pour violation du secret professionnel par la juridiction interr\u00e9gionale sp\u00e9cialis\u00e9e (JIRS) de Lille d\u00e9di\u00e9e \u00e0 la lutte contre la criminalit\u00e9 et la d\u00e9linquance organis\u00e9es. L\u2019information avait \u00e9t\u00e9 r\u00e9v\u00e9l\u00e9e initialement par le quotidien Paris-Normandie.&#13;<br \/>\nDe quoi faire un peu tache pour cette sp\u00e9cialiste en droit p\u00e9nal bien connue des pr\u00e9toires rouennais. Plusieurs sources judiciaires ont pu confirmer ces \u00e9l\u00e9ments au Poulpe. Toutes pr\u00e9cisent n\u00e9anmoins qu\u2019\u00e0 ce stade, l\u2019avocate p\u00e9naliste n\u2019a pas \u00e9t\u00e9 mi&#8230;<\/p>\n<p>    <img decoding=\"async\" alt=\"\" class=\"scroll-up-button__icon\" src=\"https:\/\/www.lepoulpe.info\/packs\/media\/images\/application\/icons\/icon-arrow-top-53dcb9d627350b09fe029db1e56bd8d5.svg\"\/><\/p>\n","protected":false},"excerpt":{"rendered":"Enqu\u00eate Par Manuel Sanson &#8211; le 06\/10\/2025 \u00e0 17h00 Une jeune avocate rouennaise a \u00e9t\u00e9 plac\u00e9e en garde&hellip;\n","protected":false},"author":2,"featured_media":443343,"comment_status":"","ping_status":"","sticky":false,"template":"","format":"standard","meta":{"footnotes":""},"categories":[9587],"tags":[1111,11,1777,674,1011,27,12,5161,25,9590],"class_list":{"0":"post-443342","1":"post","2":"type-post","3":"status-publish","4":"format-standard","5":"has-post-thumbnail","7":"category-rouen","8":"tag-actu","9":"tag-actualites","10":"tag-eu","11":"tag-europe","12":"tag-fr","13":"tag-france","14":"tag-news","15":"tag-normandie","16":"tag-republique-francaise","17":"tag-rouen"},"share_on_mastodon":{"url":"https:\/\/pubeurope.com\/@fr\/115328417174285077","error":""},"_links":{"self":[{"href":"https:\/\/www.europesays.com\/fr\/wp-json\/wp\/v2\/posts\/443342","targetHints":{"allow":["GET"]}}],"collection":[{"href":"https:\/\/www.europesays.com\/fr\/wp-json\/wp\/v2\/posts"}],"about":[{"href":"https:\/\/www.europesays.com\/fr\/wp-json\/wp\/v2\/types\/post"}],"author":[{"embeddable":true,"href":"https:\/\/www.europesays.com\/fr\/wp-json\/wp\/v2\/users\/2"}],"replies":[{"embeddable":true,"href":"https:\/\/www.europesays.com\/fr\/wp-json\/wp\/v2\/comments?post=443342"}],"version-history":[{"count":0,"href":"https:\/\/www.europesays.com\/fr\/wp-json\/wp\/v2\/posts\/443342\/revisions"}],"wp:featuredmedia":[{"embeddable":true,"href":"https:\/\/www.europesays.com\/fr\/wp-json\/wp\/v2\/media\/443343"}],"wp:attachment":[{"href":"https:\/\/www.europesays.com\/fr\/wp-json\/wp\/v2\/media?parent=443342"}],"wp:term":[{"taxonomy":"category","embeddable":true,"href":"https:\/\/www.europesays.com\/fr\/wp-json\/wp\/v2\/categories?post=443342"},{"taxonomy":"post_tag","embeddable":true,"href":"https:\/\/www.europesays.com\/fr\/wp-json\/wp\/v2\/tags?post=443342"}],"curies":[{"name":"wp","href":"https:\/\/api.w.org\/{rel}","templated":true}]}}