{"id":443357,"date":"2025-10-06T17:39:13","date_gmt":"2025-10-06T17:39:13","guid":{"rendered":"https:\/\/www.europesays.com\/fr\/443357\/"},"modified":"2025-10-06T17:39:13","modified_gmt":"2025-10-06T17:39:13","slug":"depuis-nice-netsah-une-association-au-soutien-des-familles-eprouvees-par-la-guerre-au-proche-orient","status":"publish","type":"post","link":"https:\/\/www.europesays.com\/fr\/443357\/","title":{"rendered":"depuis Nice, Netsah, une association au soutien des familles \u00e9prouv\u00e9es par la guerre au Proche-Orient"},"content":{"rendered":"<p>Du chaos na\u00eet la solidarit\u00e9. Comme beaucoup d\u2019autres, l\u2019association Netsah (\u00c9ternit\u00e9 en h\u00e9breu) a vu le jour dans les heures qui ont suivi <a href=\"https:\/\/www.laprovence.com\/article\/france-monde\/370319201069614\/le-choc-du-7-octobre-recit-du-jour-le-plus-meurtrier-de-lhistoire-disrael\" target=\"_blank\" rel=\"noopener\">les attaques terroristes du 7 octobre 2023<\/a>. Des heures terribles durant lesquelles des dizaines de milliers de personnes, laissant tout derri\u00e8re elles, ont fui le sud d\u2019Isra\u00ebl, th\u00e9\u00e2tre des attentats du Hamas, mais aussi le Nord menac\u00e9 par le Hezbollah. Toutes ont, alors, converg\u00e9 vers J\u00e9rusalem ou Tel-Aviv l\u00e0 o\u00f9 Bruno Lellouche se trouvait pour les f\u00eates du Nouvel An juif.<\/p>\n<p>Chirurgien ORL de profession, ce natif de Nice (63\u00a0ans) se partage entre Paris, o\u00f9 il exerce, et Isra\u00ebl. \u00c0 l\u2019origine de la cr\u00e9ation de Netsah, il a bien vite mis en place des actions destin\u00e9es \u00e0 soulager ces r\u00e9fugi\u00e9s d\u00e9plac\u00e9s par la guerre, mais aussi \u00e0 confier des orphelins au sein de familles d\u2019accueil.<\/p>\n<p>L\u2019association a aussi rapidement organis\u00e9 l\u2019acheminement de m\u00e9dicaments, de mat\u00e9riel m\u00e9dical ou de v\u00eatements venus de France pour pallier les p\u00e9nuries occasionn\u00e9es par les multiples interventions d\u2019urgence dans les zones agress\u00e9es. Le tout en s\u2019appuyant sur El Al, la seule compagnie a\u00e9rienne qui avait maintenu ses vols.<\/p>\n<p>\u00ab\u00a0On ne pouvait pas rester sans rien faire\u00a0\u00bb<\/p>\n<p>\u00ab\u00a0Il fallait aider&#8230;<\/p>\n","protected":false},"excerpt":{"rendered":"Du chaos na\u00eet la solidarit\u00e9. Comme beaucoup d\u2019autres, l\u2019association Netsah (\u00c9ternit\u00e9 en h\u00e9breu) a vu le jour dans&hellip;\n","protected":false},"author":2,"featured_media":443358,"comment_status":"","ping_status":"","sticky":false,"template":"","format":"standard","meta":{"footnotes":""},"categories":[2819],"tags":[17,1111,11,4077,834,394,1777,674,1011,27,329,56965,12,2401,7518,882,25,96],"class_list":{"0":"post-443357","1":"post","2":"type-post","3":"status-publish","4":"format-standard","5":"has-post-thumbnail","7":"category-nice","8":"tag-17","9":"tag-actu","10":"tag-actualites","11":"tag-association","12":"tag-attaque","13":"tag-depuis","14":"tag-eu","15":"tag-europe","16":"tag-fr","17":"tag-france","18":"tag-france-monde","19":"tag-netsah","20":"tag-news","21":"tag-nice","22":"tag-octobre","23":"tag-provence-alpes-cote-dazur","24":"tag-republique-francaise","25":"tag-une"},"share_on_mastodon":{"url":"https:\/\/pubeurope.com\/@fr\/115328448273995690","error":""},"_links":{"self":[{"href":"https:\/\/www.europesays.com\/fr\/wp-json\/wp\/v2\/posts\/443357","targetHints":{"allow":["GET"]}}],"collection":[{"href":"https:\/\/www.europesays.com\/fr\/wp-json\/wp\/v2\/posts"}],"about":[{"href":"https:\/\/www.europesays.com\/fr\/wp-json\/wp\/v2\/types\/post"}],"author":[{"embeddable":true,"href":"https:\/\/www.europesays.com\/fr\/wp-json\/wp\/v2\/users\/2"}],"replies":[{"embeddable":true,"href":"https:\/\/www.europesays.com\/fr\/wp-json\/wp\/v2\/comments?post=443357"}],"version-history":[{"count":0,"href":"https:\/\/www.europesays.com\/fr\/wp-json\/wp\/v2\/posts\/443357\/revisions"}],"wp:featuredmedia":[{"embeddable":true,"href":"https:\/\/www.europesays.com\/fr\/wp-json\/wp\/v2\/media\/443358"}],"wp:attachment":[{"href":"https:\/\/www.europesays.com\/fr\/wp-json\/wp\/v2\/media?parent=443357"}],"wp:term":[{"taxonomy":"category","embeddable":true,"href":"https:\/\/www.europesays.com\/fr\/wp-json\/wp\/v2\/categories?post=443357"},{"taxonomy":"post_tag","embeddable":true,"href":"https:\/\/www.europesays.com\/fr\/wp-json\/wp\/v2\/tags?post=443357"}],"curies":[{"name":"wp","href":"https:\/\/api.w.org\/{rel}","templated":true}]}}