{"id":443359,"date":"2025-10-06T17:40:13","date_gmt":"2025-10-06T17:40:13","guid":{"rendered":"https:\/\/www.europesays.com\/fr\/443359\/"},"modified":"2025-10-06T17:40:13","modified_gmt":"2025-10-06T17:40:13","slug":"un-adjoint-de-christian-estrosi-dezingue-le-choix-de-jean-pierre-rivere-de-rejoindre-eric-ciotti-pour-les-municipales-a-nice","status":"publish","type":"post","link":"https:\/\/www.europesays.com\/fr\/443359\/","title":{"rendered":"un adjoint de Christian Estrosi d\u00e9zingue le choix de Jean-Pierre Riv\u00e8re de rejoindre Eric Ciotti pour les municipales \u00e0 Nice"},"content":{"rendered":"<p class=\"fs-5 \">Un ralliement qui ne passe pas. <strong>Jean-Pierre Riv\u00e8re<\/strong> a d\u00e9cid\u00e9 d\u2019entrer en jeu pour les prochaines <strong>\u00e9lections municipales \u00e0 Nice<\/strong>. Et c\u2019est le maillot d\u2019Eric Ciotti, le meilleur ennemi du maire sortant Christian Estrosi, qu\u2019il a d\u00e9cid\u00e9 de porter.<\/p>\n<p class=\"fs-5 \">Plus qu\u2019un soutien, <strong>l\u2019ancien pr\u00e9sident de l\u2019OGC Nice<\/strong> sera m\u00eame le vice-capitaine de l\u2019\u00e9quipe Ciotti puisque le candidat UDR lui promet <a href=\"https:\/\/www.nicematin.com\/societe\/politique\/municipales-2026\/municipales-2026-enorme-surprise-l-ancien-president-de-l-ogc-nice-sera-le-1er-adjoint-d-eric-ciotti-s-il-est-elu-10651087\" rel=\"nofollow noopener\" target=\"_blank\">le poste de 1er adjoint au maire en cas de victoire.<\/a><\/p>\n<p class=\"fs-5 \">D\u00e8s l\u2019annonce de ce recrutement, <a href=\"https:\/\/www.nicematin.com\/societe\/politique\/municipales-2026\/un-homme-d-affaires-cherchant-a-faire-de-l-argent-le-gros-tacle-du-camp-estrosi-a-jean-pierre-rivere-apres-l-annonce-de-son-soutien-a-eric-ciotti-10651093\" rel=\"nofollow noopener\" target=\"_blank\">les proches de Christian Estrosi ont contre attaqu\u00e9<\/a>, pointant des raisons tr\u00e8s personnelles pour justifier le choix de celui qui avait jur\u00e9 ne jamais vouloir faire de politique. \u00ab\u00a0Il\u00a0a toujours \u00e9t\u00e9 un homme d\u2019affaires cherchant \u00e0 faire de l\u2019argent. Il a m\u00eame cherch\u00e9 \u00e0 racheter le stade \u00e0 bas prix ce \u00e0 quoi le Maire s\u2019est toujours refus\u00e9. Il voulait aussi imposer une \u0153uvre d\u2019art de sa compagne \u00e0 la place du I love Nice ce qui n\u2019\u00e9tait pas concevable. Ceci explique cela\u00a0\u00bb, ont fait savoir des proches du maire de Nice \u00e0 Nice-Matin.<\/p>\n<p>                                                                                \u00ab\u00a0Qu\u2019aurait-il fait sans Christian Estrosi\u00a0?\u00a0\u00bb<\/p>\n<p class=\"fs-5 \">L\u2019autre tacle tr\u00e8s appuy\u00e9 est venu de Graig Monetti, adjoint de Christian Estrosi d\u00e9l\u00e9gu\u00e9 \u00e0 l\u2019\u00e9v\u00e9nementiel, \u00e0 la jeunesse et \u00e0 l\u2019\u00e9galit\u00e9 des chances. \u00ab\u00a0Jean-Pierre Riv\u00e8re a choisi le jour de la d\u00e9mission du Gouvernement, pour annoncer son ralliement \u00e0 Marine Le Pen et au Rassemblement national. <strong>C\u2019est une faute grave qui l\u2019appellera \u00e0 un profond examen de conscience\u00a0\u00bb<\/strong>, d\u00e9nonce l\u2019\u00e9lu, pointant \u00ab\u00a0le projet malsain\u00a0\u00bb d\u2019Eric Ciotti.<\/p>\n<p>            <img decoding=\"async\" src=\"https:\/\/www.europesays.com\/fr\/wp-content\/uploads\/2025\/10\/f2f3bec_upload-from-url-1-zjwe41dqx38z-data-art-16374031.jpg\" loading=\"lazy\" alt=\"L\u2019ancien pr\u00e9sident de l\u2019OGC Nice Jean-Pierre Riv\u00e8re, rejoint Eric Ciotti. \" class=\"img-fluid position-absolute w-100 object-fit-coverrounded-2\" width=\"600\" height=\"400\"\/><\/p>\n<p class=\"fs-5 \">Graig Monetti attaque ensuite sur le terrain de l\u2019ancienne proximit\u00e9 de Jean-Pierre Riv\u00e8re avec Christian Estrosi lorsqu\u2019il dirigeait l\u2019OGC Nice. \u00ab\u00a0C\u2019est d\u2019autant plus surprenant, venant de la part de celui qui a b\u00e9n\u00e9fici\u00e9 du soutien total de la Ville de Nice et de ses agents pendant plus de 14 ans. Qu\u2019aurait-il fait sans la volont\u00e9 de Christian Estrosi de construire l\u2019Allianz Riviera et le nouveau centre d\u2019entra\u00eenement\u00a0? Bref, qu\u2019aurait-il r\u00e9ussi sans le soutien du Maire et de la Ville de Nice\u00a0? Rien n\u2019aurait \u00e9t\u00e9 possible pour l\u2019OGCN, sans cette coop\u00e9ration forte et quotidienne. Il aurait \u00e9t\u00e9 \u00e9l\u00e9gant de le reconna\u00eetre\u00a0\u00bb, ajoute-t-il.<\/p>\n<p>                                                                                \u00ab\u00a0J\u2019ai des doutes sur ces comp\u00e9tences\u00a0\u00bb<\/p>\n<p class=\"fs-5 \">\u00ab\u00a0Lors de cette premi\u00e8re d\u00e9claration, il a d\u00e9montr\u00e9 avec brio l\u2019\u00e9tat de ses m\u00e9connaissances et de son incomp\u00e9tence\u00a0\u00bb, continue Graig Monetti.<\/p>\n<p class=\"fs-5 \">L\u2019\u00e9lu termine par ses doutes sur la capacit\u00e9 de Jean-Pierre Riv\u00e8re \u00e0 mouiller le maillot. \u00ab\u00a0La politique est un engagement total dont Jean-Pierre n\u2019a jamais montr\u00e9 l\u2019envie. C\u2019est un combat de tous les instants, dans tous nos quartiers, 365 jours par an (&#8230;) La proximit\u00e9, \u00e7a ne peut pas s\u2019acheter, il faut l\u2019avoir dans le c\u0153ur. J\u2019ai des doutes sur ses comp\u00e9tences.\u00a0\u00bb<\/p>\n","protected":false},"excerpt":{"rendered":"Un ralliement qui ne passe pas. Jean-Pierre Riv\u00e8re a d\u00e9cid\u00e9 d\u2019entrer en jeu pour les prochaines \u00e9lections municipales&hellip;\n","protected":false},"author":2,"featured_media":443360,"comment_status":"","ping_status":"","sticky":false,"template":"","format":"standard","meta":{"footnotes":""},"categories":[2819],"tags":[1111,11,1777,674,1011,27,3434,12,2401,882,25],"class_list":{"0":"post-443359","1":"post","2":"type-post","3":"status-publish","4":"format-standard","5":"has-post-thumbnail","7":"category-nice","8":"tag-actu","9":"tag-actualites","10":"tag-eu","11":"tag-europe","12":"tag-fr","13":"tag-france","14":"tag-municipales-2026","15":"tag-news","16":"tag-nice","17":"tag-provence-alpes-cote-dazur","18":"tag-republique-francaise"},"share_on_mastodon":{"url":"https:\/\/pubeurope.com\/@fr\/115328452663616541","error":""},"_links":{"self":[{"href":"https:\/\/www.europesays.com\/fr\/wp-json\/wp\/v2\/posts\/443359","targetHints":{"allow":["GET"]}}],"collection":[{"href":"https:\/\/www.europesays.com\/fr\/wp-json\/wp\/v2\/posts"}],"about":[{"href":"https:\/\/www.europesays.com\/fr\/wp-json\/wp\/v2\/types\/post"}],"author":[{"embeddable":true,"href":"https:\/\/www.europesays.com\/fr\/wp-json\/wp\/v2\/users\/2"}],"replies":[{"embeddable":true,"href":"https:\/\/www.europesays.com\/fr\/wp-json\/wp\/v2\/comments?post=443359"}],"version-history":[{"count":0,"href":"https:\/\/www.europesays.com\/fr\/wp-json\/wp\/v2\/posts\/443359\/revisions"}],"wp:featuredmedia":[{"embeddable":true,"href":"https:\/\/www.europesays.com\/fr\/wp-json\/wp\/v2\/media\/443360"}],"wp:attachment":[{"href":"https:\/\/www.europesays.com\/fr\/wp-json\/wp\/v2\/media?parent=443359"}],"wp:term":[{"taxonomy":"category","embeddable":true,"href":"https:\/\/www.europesays.com\/fr\/wp-json\/wp\/v2\/categories?post=443359"},{"taxonomy":"post_tag","embeddable":true,"href":"https:\/\/www.europesays.com\/fr\/wp-json\/wp\/v2\/tags?post=443359"}],"curies":[{"name":"wp","href":"https:\/\/api.w.org\/{rel}","templated":true}]}}