{"id":44336,"date":"2025-04-22T16:03:08","date_gmt":"2025-04-22T16:03:08","guid":{"rendered":"https:\/\/www.europesays.com\/fr\/44336\/"},"modified":"2025-04-22T16:03:08","modified_gmt":"2025-04-22T16:03:08","slug":"a-rouen-il-a-jete-la-premiere-pierre-et-ca-la-conduit-en-garde-a-vue","status":"publish","type":"post","link":"https:\/\/www.europesays.com\/fr\/44336\/","title":{"rendered":"\u00c0 Rouen, il a jet\u00e9 la premi\u00e8re pierre&#8230; et \u00e7a l&rsquo;a conduit en garde \u00e0 vue"},"content":{"rendered":"<p>            Par<br \/>\n        <strong><br \/>\n            <a href=\"https:\/\/actu.fr\/auteur\/julien-bouteiller\" title=\"Consulter tous les articles de Julien Bouteiller\" rel=\"nofollow noopener\" target=\"_blank\">Julien Bouteiller<\/a><br \/>\n        <\/strong><\/p>\n<p>        Publi\u00e9 le<\/p>\n<p>            22 avr. 2025 \u00e0 17h53        <\/p>\n<p>Il a fait d\u2019une pierre un mauvais coup. Dans la nuit du lundi 21 au mardi 22 avril 2025, un jeune a \u00e9t\u00e9 interpell\u00e9 \u00e0 <a href=\"https:\/\/actu.fr\/normandie\/rouen_76540\" rel=\"nofollow noopener\" target=\"_blank\">Rouen<\/a>,<strong> apr\u00e8s avoir caillass\u00e9 une voiture de police<\/strong> qui poursuivait un chauffard.<\/p>\n<p>Il cible la police mais est rattrap\u00e9 par la patrouille<\/p>\n<p class=\" wall-content\">Selon une source polici\u00e8re, aux alentours d\u20191h20, une patrouille de police voulait contr\u00f4ler un automobiliste, <strong>rue Galil\u00e9e \u00e0 Rouen<\/strong>. <a href=\"https:\/\/actu.fr\/tag\/refus-d-obtemperer\" rel=\"nofollow noopener\" target=\"_blank\">Le conducteur n\u2019a pas obtemp\u00e9r\u00e9<\/a> et a pris la fuite.<\/p>\n<p class=\" wall-content\">Lors de la poursuite, \u00ab\u00a0les policiers ont \u00e9t\u00e9 vis\u00e9s par un jet de projectile, par un individu qui s\u2019est dissimul\u00e9 entre deux b\u00e2timents\u00a0\u00bb.\u00a0<\/p>\n<p class=\" wall-content\">Les agents ont finalement retrouv\u00e9 le v\u00e9hicule du chauffard, abandonn\u00e9. Mais surtout, ils ont revu l\u2019individu qui leur avait jet\u00e9 une pierre sur la porti\u00e8re. Ils sont parvenus \u00e0 l\u2019interpeller.<strong> Il s\u2019agit d\u2019un jeune de 18 ans<\/strong>, habitant du Grand-Quevilly, qui a donc fini en garde \u00e0 vue.<\/p>\n<p class=\" wall-content\">Samedi dernier, des pompiers avaient eux aussi \u00e9t\u00e9 <a href=\"https:\/\/actu.fr\/normandie\/rouen_76540\/des-pompiers-victimes-de-jets-de-projectiles-lors-d-une-intervention-sur-les-hauts-de-rouen_62535186.html\" rel=\"nofollow noopener\" target=\"_blank\">la cible de jets de projectiles<\/a>, alors qu\u2019ils intervenaient<strong> sur les Hauts de Rouen<\/strong>.<\/p>\n<p>Vid\u00e9os : en ce moment sur ActuSuivez l\u2019actualit\u00e9 de Rouen <a href=\"https:\/\/www.whatsapp.com\/channel\/0029VaKfnf99hXF2ddApFB1D\" rel=\"nofollow noopener\" target=\"_blank\">sur notre cha\u00eene WhatsApp<\/a> et <a href=\"https:\/\/www.tiktok.com\/@76actu.fr?lang=fr\" rel=\"nofollow noopener\" target=\"_blank\">sur notre compte TikTok<\/a><\/p>\n<p class=\" wall-content\">Suivez toute l\u2019actualit\u00e9 de vos villes et m\u00e9dias favoris en vous inscrivant \u00e0 <a href=\"https:\/\/moncompte.actu.fr\" title=\"D\u00e9couvez Mon Actu\" rel=\"nofollow noopener\" data-trk=\"{&quot;cta&quot;:{&quot;action&quot;:&quot;https:\\\/\\\/moncompte.actu.fr&quot;,&quot;category&quot;:&quot;mon compte&quot;,&quot;from&quot;:&quot;article footer&quot;,&quot;name&quot;:&quot;Mon actu&quot;,&quot;type&quot;:&quot;cta&quot;}}\" target=\"_blank\">Mon Actu<\/a>.<\/p>\n<ul class=\"ac-article-tag wall-content\">\n<li><a href=\"https:\/\/actu.fr\/tag\/police\" data-trk=\"{&quot;cta&quot;:{&quot;action&quot;:&quot;Police&quot;,&quot;category&quot;:&quot;tag&quot;,&quot;from&quot;:&quot;article footer&quot;,&quot;name&quot;:&quot;Police&quot;,&quot;type&quot;:&quot;cta&quot;}}\" rel=\"nofollow noopener\" target=\"_blank\">#Police<\/a><\/li>\n<li><a href=\"https:\/\/actu.fr\/tag\/refus-d-obtemperer\" data-trk=\"{&quot;cta&quot;:{&quot;action&quot;:&quot;Refus d\\u2019obtemp\\u00e9rer&quot;,&quot;category&quot;:&quot;tag&quot;,&quot;from&quot;:&quot;article footer&quot;,&quot;name&quot;:&quot;Refus d\\u2019obtemp\\u00e9rer&quot;,&quot;type&quot;:&quot;cta&quot;}}\" rel=\"nofollow noopener\" target=\"_blank\">#Refus d\u2019obtemp\u00e9rer<\/a><\/li>\n<\/ul>\n<p>                    <script async src=\"\/\/www.tiktok.com\/embed.js\"><\/script><\/p>\n","protected":false},"excerpt":{"rendered":"Par Julien Bouteiller Publi\u00e9 le 22 avr. 2025 \u00e0 17h53 Il a fait d\u2019une pierre un mauvais coup.&hellip;\n","protected":false},"author":2,"featured_media":44337,"comment_status":"","ping_status":"","sticky":false,"template":"","format":"standard","meta":{"footnotes":""},"categories":[9587],"tags":[1111,11,1777,674,118,1011,27,12,5161,1072,2852,25,9590],"class_list":{"0":"post-44336","1":"post","2":"type-post","3":"status-publish","4":"format-standard","5":"has-post-thumbnail","7":"category-rouen","8":"tag-actu","9":"tag-actualites","10":"tag-eu","11":"tag-europe","12":"tag-faits-divers","13":"tag-fr","14":"tag-france","15":"tag-news","16":"tag-normandie","17":"tag-police","18":"tag-refus-dobtemperer","19":"tag-republique-francaise","20":"tag-rouen"},"share_on_mastodon":{"url":"https:\/\/pubeurope.com\/@fr\/114382464894514069","error":""},"_links":{"self":[{"href":"https:\/\/www.europesays.com\/fr\/wp-json\/wp\/v2\/posts\/44336","targetHints":{"allow":["GET"]}}],"collection":[{"href":"https:\/\/www.europesays.com\/fr\/wp-json\/wp\/v2\/posts"}],"about":[{"href":"https:\/\/www.europesays.com\/fr\/wp-json\/wp\/v2\/types\/post"}],"author":[{"embeddable":true,"href":"https:\/\/www.europesays.com\/fr\/wp-json\/wp\/v2\/users\/2"}],"replies":[{"embeddable":true,"href":"https:\/\/www.europesays.com\/fr\/wp-json\/wp\/v2\/comments?post=44336"}],"version-history":[{"count":0,"href":"https:\/\/www.europesays.com\/fr\/wp-json\/wp\/v2\/posts\/44336\/revisions"}],"wp:featuredmedia":[{"embeddable":true,"href":"https:\/\/www.europesays.com\/fr\/wp-json\/wp\/v2\/media\/44337"}],"wp:attachment":[{"href":"https:\/\/www.europesays.com\/fr\/wp-json\/wp\/v2\/media?parent=44336"}],"wp:term":[{"taxonomy":"category","embeddable":true,"href":"https:\/\/www.europesays.com\/fr\/wp-json\/wp\/v2\/categories?post=44336"},{"taxonomy":"post_tag","embeddable":true,"href":"https:\/\/www.europesays.com\/fr\/wp-json\/wp\/v2\/tags?post=44336"}],"curies":[{"name":"wp","href":"https:\/\/api.w.org\/{rel}","templated":true}]}}