{"id":443361,"date":"2025-10-06T17:41:16","date_gmt":"2025-10-06T17:41:16","guid":{"rendered":"https:\/\/www.europesays.com\/fr\/443361\/"},"modified":"2025-10-06T17:41:16","modified_gmt":"2025-10-06T17:41:16","slug":"apres-un-refus-dobtemperer-il-se-fait-passer-pour-un-pieton-pour-berner-la-police","status":"publish","type":"post","link":"https:\/\/www.europesays.com\/fr\/443361\/","title":{"rendered":"apr\u00e8s un refus d&rsquo;obtemp\u00e9rer, il se fait passer pour un pi\u00e9ton pour berner la police"},"content":{"rendered":"<p>            Par<br \/>\n        <strong><br \/>\n            <a href=\"https:\/\/actu.fr\/auteur\/thomas-bernard\" title=\"Consulter tous les articles de Thomas Bernard\" target=\"_blank\" rel=\"noopener\">Thomas Bernard<\/a><br \/>\n        <\/strong><\/p>\n<p>        Publi\u00e9 le<\/p>\n<p>            6 oct. 2025 \u00e0 18h41        <\/p>\n<p>La supercherie n\u2019a pas fonctionn\u00e9. Ce lundi 6\u00a0octobre 2025, un homme de 33\u00a0ans \u00e9tait en garde \u00e0 vue au commissariat Waldeck-Rousseau de Nantes.<\/p>\n<p class=\" wall-content\">Avant son interpellation dans le quartier Janvraie, <strong>l\u2019automobiliste a essay\u00e9 de berner les fonctionnaires de police en se faisant passer pour un pi\u00e9ton<\/strong>. R\u00e9cit.<\/p>\n<p>Il s\u2019\u00e9chappe de sa voiture<\/p>\n<p class=\" wall-content\">Vers 1h40 du matin, un \u00e9quipage de police constate, un v\u00e9hicule griller, \u00e0 deux reprises, le feu rouge. Les policiers s\u2019approchent de la voiture afin de la contr\u00f4ler. L\u2019automobiliste d\u00e9cide de prendre la fuite.<\/p>\n<p class=\" wall-content\">Les fonctionnaires retrouvent la trace du v\u00e9hicule dans la rue des Fr\u00e8res Amieux. La voiture termine sa course dans le muret d\u2019un pavillon. Les policiers ne trouvent personne \u00e0 bord de l\u2019auto mais au m\u00eame moment un pi\u00e9ton est sur la chauss\u00e9e. Les fonctionnaires comprennent que le \u00ab\u2009pi\u00e9ton\u2009\u00bb <strong>n\u2019est nul autre que l\u2019individu suspect\u00e9 d\u2019avoir grill\u00e9 les feux rouges<\/strong>.<\/p>\n<p class=\" wall-content\">Apr\u00e8s contr\u00f4le, l\u2019homme, \u00e2g\u00e9 de 33\u00a0ans, s\u2019av\u00e8re <strong>alcoolis\u00e9 et drogu\u00e9 au moment des faits<\/strong>. Dans le coffre de la voiture, les policiers retrouvent une trottinette \u00e9lectrique, dont le mis en cause ne justifie pas sa pr\u00e9sence, et trois \u00ab\u2009capsules de coca\u00efne\u2009\u00bb.<\/p>\n<p class=\" wall-content\">\u00ab\u2009Il est <strong>d\u00e9favorablement connu des services de police\u2009\u00bb<\/strong>, glisse une source au commissariat de Nantes.<\/p>\n<p class=\" wall-content\">L\u2019homme a \u00e9t\u00e9 plac\u00e9 en garde \u00e0 vue pour\u2009: refus d\u2019obtemp\u00e9rer, d\u00e9faut de permis de conduire, d\u00e9faut d\u2019assurance, conduite sous l\u2019empire d\u2019alcool et de stup\u00e9fiants, et d\u00e9tention de drogue.<\/p>\n<p class=\" wall-content\">Personnalisez votre actualit\u00e9 en ajoutant vos villes et m\u00e9dias en favori avec <a href=\"https:\/\/moncompte.actu.fr\" title=\"D\u00e9couvez Mon Actu\" rel=\"nofollow noopener\" data-trk=\"{&quot;cta&quot;:{&quot;action&quot;:&quot;https:\\\/\\\/moncompte.actu.fr&quot;,&quot;category&quot;:&quot;mon compte&quot;,&quot;from&quot;:&quot;article footer&quot;,&quot;name&quot;:&quot;Mon actu&quot;,&quot;type&quot;:&quot;cta&quot;}}\" target=\"_blank\">Mon Actu<\/a>.<\/p>\n","protected":false},"excerpt":{"rendered":"Par Thomas Bernard Publi\u00e9 le 6 oct. 2025 \u00e0 18h41 La supercherie n\u2019a pas fonctionn\u00e9. Ce lundi 6\u00a0octobre&hellip;\n","protected":false},"author":2,"featured_media":443362,"comment_status":"","ping_status":"","sticky":false,"template":"","format":"standard","meta":{"footnotes":""},"categories":[2818],"tags":[1111,11,1777,674,118,1011,27,766,12,2636,1072,2852,25],"class_list":{"0":"post-443361","1":"post","2":"type-post","3":"status-publish","4":"format-standard","5":"has-post-thumbnail","7":"category-nantes","8":"tag-actu","9":"tag-actualites","10":"tag-eu","11":"tag-europe","12":"tag-faits-divers","13":"tag-fr","14":"tag-france","15":"tag-nantes","16":"tag-news","17":"tag-pays-de-la-loire","18":"tag-police","19":"tag-refus-dobtemperer","20":"tag-republique-francaise"},"share_on_mastodon":{"url":"https:\/\/pubeurope.com\/@fr\/115328456067935821","error":""},"_links":{"self":[{"href":"https:\/\/www.europesays.com\/fr\/wp-json\/wp\/v2\/posts\/443361","targetHints":{"allow":["GET"]}}],"collection":[{"href":"https:\/\/www.europesays.com\/fr\/wp-json\/wp\/v2\/posts"}],"about":[{"href":"https:\/\/www.europesays.com\/fr\/wp-json\/wp\/v2\/types\/post"}],"author":[{"embeddable":true,"href":"https:\/\/www.europesays.com\/fr\/wp-json\/wp\/v2\/users\/2"}],"replies":[{"embeddable":true,"href":"https:\/\/www.europesays.com\/fr\/wp-json\/wp\/v2\/comments?post=443361"}],"version-history":[{"count":0,"href":"https:\/\/www.europesays.com\/fr\/wp-json\/wp\/v2\/posts\/443361\/revisions"}],"wp:featuredmedia":[{"embeddable":true,"href":"https:\/\/www.europesays.com\/fr\/wp-json\/wp\/v2\/media\/443362"}],"wp:attachment":[{"href":"https:\/\/www.europesays.com\/fr\/wp-json\/wp\/v2\/media?parent=443361"}],"wp:term":[{"taxonomy":"category","embeddable":true,"href":"https:\/\/www.europesays.com\/fr\/wp-json\/wp\/v2\/categories?post=443361"},{"taxonomy":"post_tag","embeddable":true,"href":"https:\/\/www.europesays.com\/fr\/wp-json\/wp\/v2\/tags?post=443361"}],"curies":[{"name":"wp","href":"https:\/\/api.w.org\/{rel}","templated":true}]}}