{"id":443402,"date":"2025-10-06T18:04:11","date_gmt":"2025-10-06T18:04:11","guid":{"rendered":"https:\/\/www.europesays.com\/fr\/443402\/"},"modified":"2025-10-06T18:04:11","modified_gmt":"2025-10-06T18:04:11","slug":"journee-noire-pour-laction-de-seb-freine-en-europe-et-en-amerique","status":"publish","type":"post","link":"https:\/\/www.europesays.com\/fr\/443402\/","title":{"rendered":"Journ\u00e9e noire pour l\u2019action de SEB, frein\u00e9 en Europe et en Am\u00e9rique"},"content":{"rendered":"<p>Droits de douane, attentisme des clients\u2026 Le leader du petit \u00e9lectrom\u00e9nager abaisse une nouvelle fois ses pr\u00e9visions de r\u00e9sultats annuels.<\/p>\n<p class=\"fig-paragraph\"><a href=\"https:\/\/bourse.lefigaro.fr\/actu-conseils\/seb-devrait-accelerer-et-ameliorer-ses-marges-selon-le-bureau-d-analyse-midcap-tres-positif-sur-l-action-20250527\" target=\"_blank\" data-fig-type=\"Article\" rel=\"noopener\" data-gtm-custom-categorie=\"navigation\" data-gtm-custom-action=\"crossclick\" data-gtm-custom-label=\"Contextuel\" data-gtm-event=\"customEventSPE\" data-fig-domain=\"BOURSE\">Son action a plong\u00e9 de 21,4\u00a0%<\/a>\u00a0en une journ\u00e9e. Lundi, SEB a v\u00e9cu une journ\u00e9e noire \u00e0 la Bourse de Paris, apr\u00e8s avoir \u00e0 nouveau r\u00e9vis\u00e9 \u00e0 la baisse ses pr\u00e9visions de r\u00e9sultats pour l\u2019ann\u00e9e. Le leader mondial\u00a0<a href=\"http:\/\/www.lefigaro.fr\/societes\/electromenager-le-groupe-brandt-place-en-redressement-judiciaire-20251002\" target=\"_blank\" data-fig-type=\"NewsFlash\" rel=\"noopener\" data-gtm-custom-categorie=\"navigation\" data-gtm-custom-action=\"crossclick\" data-gtm-custom-label=\"Contextuel\" data-gtm-event=\"customEventSPE\" data-fig-domain=\"LEFIGARO\">du petit \u00e9lectrom\u00e9nager<\/a>, propri\u00e9taire de marques embl\u00e9matiques comme Rowenta, Calor, Moulinex et Krups, les avait d\u00e9j\u00e0 r\u00e9duites en juillet. Depuis, la situation ne s\u2019est pas am\u00e9lior\u00e9e en Europe et encore moins aux \u00c9tats-Unis.<\/p>\n<p>\u00abLe sc\u00e9nario anticip\u00e9 fin juillet ne s\u2019est pas concr\u00e9tis\u00e9\u00bb<\/p>\n<p class=\"fig-paragraph\">\u00ab\u00a0Le sc\u00e9nario anticip\u00e9 fin juillet ne s\u2019est pas concr\u00e9tis\u00e9 \u00e0 ce stade avec l\u2019intensit\u00e9 attendue, notamment en septembre, mois cl\u00e9 du troisi\u00e8me trimestre et amorce de la haute saison, d\u00e9plore le groupe fran\u00e7ais, dans un communiqu\u00e9. Face \u00e0 un environnement incertain et volatil, le groupe adopte une approche plus prudente pour la fin d\u2019ann\u00e9e, dans un contexte de march\u00e9s toujours concurrentiels.\u00a0\u00bb Sur l\u2019ensemble de l\u2019exercice 2025, SEB anticipe d\u00e9sormais des ventes stables \u00e0 l\u00e9g\u00e8rement positives. C\u2019est bien moins que la fourchette de croissance organique (comprise\u2026<\/p>\n<p class=\"fig-premium-paywall__infos\">\n        Cet article est r\u00e9serv\u00e9 aux abonn\u00e9s.        Il vous reste 46% \u00e0 d\u00e9couvrir.\n    <\/p>\n<p>                <img  data- alt=\"Le Figaro\" class=\"fig-img--complete fig-img\"\/><\/p>\n<p class=\"fig-premium-paywall__title\">J-100, Le Figaro f\u00eate ses 200 ans<\/p>\n<p class=\"fig-premium-paywall__subtitle\">Offre anniversaire : 2\u20ac\/mois pendant 200 semaines<\/p>\n<p class=\"fig-premium-paywall__connect\">\n                D\u00e9j\u00e0 abonn\u00e9\u00a0?                <a class=\"fig-premium-paywall__connect-link\" href=\"https:\/\/connect.lefigaro.fr\/login?client=horizon_web&amp;type=main&amp;redirect_uri=https%3A%2F%2Fwww.lefigaro.fr%2Fsocietes%2Fjournee-noire-pour-l-action-de-seb-freine-en-europe-et-en-amerique-20251006\" data-js-gtm=\"{&quot;customCategorie&quot;: &quot;conversion&quot;, &quot;customAction&quot;: &quot;before_Landing_Connexion_paywall_auto&quot;, &quot;customLabel&quot;: &quot;bGVmaWdhcm8uZnJfXzFmMGEyYzlkLWRhMDgtNjNiOC1iY2ZkLTM3MzMzZTNkOGIyMV9fQXJ0aWNsZQ==_Journ\u00e9e noire pour l\u2019action de SEB, frein\u00e9 en Europe et en Am\u00e9rique_570&quot;, &quot;customIDSPE&quot;: &quot;bGVmaWdhcm8uZnJfXzFmMGEyYzlkLWRhMDgtNjNiOC1iY2ZkLTM3MzMzZTNkOGIyMV9fQXJ0aWNsZQ==&quot;, &quot;event&quot;: &quot;customEventSPE&quot;}\" target=\"_blank\" rel=\"noopener\"><br \/>\n                    Connectez-vous<br \/>\n                <\/a>\n            <\/p>\n","protected":false},"excerpt":{"rendered":"Droits de douane, attentisme des clients\u2026 Le leader du petit \u00e9lectrom\u00e9nager abaisse une nouvelle fois ses pr\u00e9visions de&hellip;\n","protected":false},"author":2,"featured_media":443403,"comment_status":"","ping_status":"","sticky":false,"template":"","format":"standard","meta":{"footnotes":""},"categories":[1586],"tags":[11,75,38415,1777,674,1011,27,12,25,38145,2658],"class_list":{"0":"post-443402","1":"post","2":"type-post","3":"status-publish","4":"format-standard","5":"has-post-thumbnail","7":"category-europe","8":"tag-actualites","9":"tag-donald-trump","10":"tag-electromenager","11":"tag-eu","12":"tag-europe","13":"tag-fr","14":"tag-france","15":"tag-news","16":"tag-republique-francaise","17":"tag-seb","18":"tag-taxes-douanieres"},"share_on_mastodon":{"url":"https:\/\/pubeurope.com\/@fr\/115328546520551640","error":""},"_links":{"self":[{"href":"https:\/\/www.europesays.com\/fr\/wp-json\/wp\/v2\/posts\/443402","targetHints":{"allow":["GET"]}}],"collection":[{"href":"https:\/\/www.europesays.com\/fr\/wp-json\/wp\/v2\/posts"}],"about":[{"href":"https:\/\/www.europesays.com\/fr\/wp-json\/wp\/v2\/types\/post"}],"author":[{"embeddable":true,"href":"https:\/\/www.europesays.com\/fr\/wp-json\/wp\/v2\/users\/2"}],"replies":[{"embeddable":true,"href":"https:\/\/www.europesays.com\/fr\/wp-json\/wp\/v2\/comments?post=443402"}],"version-history":[{"count":0,"href":"https:\/\/www.europesays.com\/fr\/wp-json\/wp\/v2\/posts\/443402\/revisions"}],"wp:featuredmedia":[{"embeddable":true,"href":"https:\/\/www.europesays.com\/fr\/wp-json\/wp\/v2\/media\/443403"}],"wp:attachment":[{"href":"https:\/\/www.europesays.com\/fr\/wp-json\/wp\/v2\/media?parent=443402"}],"wp:term":[{"taxonomy":"category","embeddable":true,"href":"https:\/\/www.europesays.com\/fr\/wp-json\/wp\/v2\/categories?post=443402"},{"taxonomy":"post_tag","embeddable":true,"href":"https:\/\/www.europesays.com\/fr\/wp-json\/wp\/v2\/tags?post=443402"}],"curies":[{"name":"wp","href":"https:\/\/api.w.org\/{rel}","templated":true}]}}