{"id":443410,"date":"2025-10-06T18:08:11","date_gmt":"2025-10-06T18:08:11","guid":{"rendered":"https:\/\/www.europesays.com\/fr\/443410\/"},"modified":"2025-10-06T18:08:11","modified_gmt":"2025-10-06T18:08:11","slug":"la-france-pourra-t-elle-avoir-un-budget-a-temps-pour-2026","status":"publish","type":"post","link":"https:\/\/www.europesays.com\/fr\/443410\/","title":{"rendered":"la France pourra-t-elle avoir un budget \u00e0 temps pour 2026 ?"},"content":{"rendered":"<p class=\"article-p mdl\">S\u00e9bastien Lecornu, Premier ministre, a \u00e9t\u00e9 charg\u00e9 par le pr\u00e9sident de mener d\u2019ultimes n\u00e9gociations jusqu\u2019au mercredi 8 octobre au soir. Le temps presse, notamment pour des raisons \u00e9conomiques : la France pourra-t-elle se doter d\u2019un budget 2026 dans les d\u00e9lais ?<\/p>\n<p class=\"article-p mdl\">Pour rappel, le gouvernement a jusqu\u2019au 13 octobre pour soumettre au Parlement ses projets de budget de l\u2019\u00c9tat et de la S\u00e9curit\u00e9 sociale. Autrement dit, demain. Or, rien n\u2019est encore s\u00fbr.<\/p>\n<p class=\"article-p mdl\">Il faut en effet\u00a0<a class=\"link\" href=\"https:\/\/www.rtl.fr\/actu\/politique\/en-direct-gouvernement-sebastien-lecornu-le-premier-ministre-a-remis-sa-demission-a-emmanuel-macron-qui-l-a-acceptee-7900549094\" target=\"_blank\" rel=\"noopener\">un Premier ministre<\/a>, un gouvernement et un projet de loi de finances. Or, pour l\u2019heure, ni le premier ni le second ne sont v\u00e9ritablement en place. Le\u00a0<a class=\"link\" href=\"https:\/\/www.rtl.fr\/actu\/politique\/en-direct-budget-2026-suivez-les-annonces-de-francois-bayrou-7900523619\" target=\"_blank\" rel=\"noopener\">projet de loi de finances<\/a>, lui, existe : il est pr\u00e9par\u00e9 depuis des mois par le minist\u00e8re de l\u2019\u00c9conomie et \u00e0 Matignon.<\/p>\n<p class=\"article-p mdl\">Mais le texte a d\u00e9j\u00e0 connu des \u00e9volutions, passant de la \u00ab\u00a0copie Bayrou\u00a0\u00bb \u00e0\u00a0<a class=\"link\" href=\"https:\/\/www.rtl.fr\/actu\/politique\/budget-le-projet-est-de-sebastien-lecornu-est-insuffisant-voire-alarmant-selon-olivier-faure-7900548535\" target=\"_blank\" rel=\"noopener\">celle de Lecornu<\/a>. M\u00eame si le prochain gouvernement ne partira pas d\u2019une feuille blanche, les d\u00e9lais paraissent extr\u00eamement courts et les chances d\u2019aboutir minces.<\/p>\n<p>            Une situation analogue en 2025<\/p>\n<p class=\"article-p mdl\">Le calendrier est pourtant pr\u00e9cis : si la date du 13 octobre a \u00e9t\u00e9 fix\u00e9e pour soumettre le texte, c\u2019est afin de laisser 70 jours de d\u00e9bats parlementaires, et permettre une promulgation au plus tard le 31 d\u00e9cembre pour une application d\u00e8s janvier.<\/p>\n<p class=\"article-p mdl\">En cas d\u2019\u00e9chec, la situation de l\u2019an dernier pourrait se r\u00e9p\u00e9ter. Faute de\u00a0<a class=\"link\" href=\"https:\/\/www.rtl.fr\/actu\/economie-consommation\/budget-2025-impots-retraites-electricite-5-questions-pour-tout-comprendre-aux-economies-prevues-7900427620\" target=\"_blank\" rel=\"noopener\">budget 2025<\/a>\u00a0adopt\u00e9 \u00e0 la fin de 2024, une loi sp\u00e9ciale avait d\u00fb \u00eatre vot\u00e9e le 16 d\u00e9cembre. Elle avait permis d\u2019assurer le fonctionnement de l\u2019\u00c9tat : imp\u00f4ts pr\u00e9lev\u00e9s normalement, d\u00e9penses gel\u00e9es au strict minimum, salaires des fonctionnaires vers\u00e9s, retraites pay\u00e9es et soins rembours\u00e9s. Le budget 2025 n\u2019avait finalement \u00e9t\u00e9 adopt\u00e9 qu\u2019en f\u00e9vrier.<\/p>\n<p>    La r\u00e9daction vous recommande<\/p>\n<p class=\"s-newsletter__title\">\n                L\u2019actualit\u00e9 par la r\u00e9daction de RTL dans votre bo\u00eete mail.\n            <\/p>\n<p class=\"s-newsletter__subtitle\">\n                Gr\u00e2ce \u00e0 votre compte RTL abonnez-vous \u00e0 la newsletter RTL info pour suivre toute l&rsquo;actualit\u00e9 au quotidien\n            <\/p>\n<p>\n                                    Lire la suite\n                                <\/p>\n","protected":false},"excerpt":{"rendered":"S\u00e9bastien Lecornu, Premier ministre, a \u00e9t\u00e9 charg\u00e9 par le pr\u00e9sident de mener d\u2019ultimes n\u00e9gociations jusqu\u2019au mercredi 8 octobre&hellip;\n","protected":false},"author":2,"featured_media":443411,"comment_status":"","ping_status":"","sticky":false,"template":"","format":"standard","meta":{"footnotes":""},"categories":[4],"tags":[11,1003,1073,107,1011,27,418,12,316,362,361,360,25,11067],"class_list":{"0":"post-443410","1":"post","2":"type-post","3":"status-publish","4":"format-standard","5":"has-post-thumbnail","7":"category-france","8":"tag-actualites","9":"tag-budget","10":"tag-emmanuel-macron","11":"tag-fil-info","12":"tag-fr","13":"tag-france","14":"tag-gouvernement","15":"tag-news","16":"tag-politique","17":"tag-replay","18":"tag-replay-a-la-une","19":"tag-replay-integral","20":"tag-republique-francaise","21":"tag-sebastien-lecornu"},"share_on_mastodon":{"url":"https:\/\/pubeurope.com\/@fr\/115328562160029700","error":""},"_links":{"self":[{"href":"https:\/\/www.europesays.com\/fr\/wp-json\/wp\/v2\/posts\/443410","targetHints":{"allow":["GET"]}}],"collection":[{"href":"https:\/\/www.europesays.com\/fr\/wp-json\/wp\/v2\/posts"}],"about":[{"href":"https:\/\/www.europesays.com\/fr\/wp-json\/wp\/v2\/types\/post"}],"author":[{"embeddable":true,"href":"https:\/\/www.europesays.com\/fr\/wp-json\/wp\/v2\/users\/2"}],"replies":[{"embeddable":true,"href":"https:\/\/www.europesays.com\/fr\/wp-json\/wp\/v2\/comments?post=443410"}],"version-history":[{"count":0,"href":"https:\/\/www.europesays.com\/fr\/wp-json\/wp\/v2\/posts\/443410\/revisions"}],"wp:featuredmedia":[{"embeddable":true,"href":"https:\/\/www.europesays.com\/fr\/wp-json\/wp\/v2\/media\/443411"}],"wp:attachment":[{"href":"https:\/\/www.europesays.com\/fr\/wp-json\/wp\/v2\/media?parent=443410"}],"wp:term":[{"taxonomy":"category","embeddable":true,"href":"https:\/\/www.europesays.com\/fr\/wp-json\/wp\/v2\/categories?post=443410"},{"taxonomy":"post_tag","embeddable":true,"href":"https:\/\/www.europesays.com\/fr\/wp-json\/wp\/v2\/tags?post=443410"}],"curies":[{"name":"wp","href":"https:\/\/api.w.org\/{rel}","templated":true}]}}