{"id":443414,"date":"2025-10-06T18:14:12","date_gmt":"2025-10-06T18:14:12","guid":{"rendered":"https:\/\/www.europesays.com\/fr\/443414\/"},"modified":"2025-10-06T18:14:12","modified_gmt":"2025-10-06T18:14:12","slug":"une-nouvelle-importante-au-sujet-de-jorge-martin","status":"publish","type":"post","link":"https:\/\/www.europesays.com\/fr\/443414\/","title":{"rendered":"une nouvelle importante au sujet de Jorge Mart\u00edn"},"content":{"rendered":"<p>Jorge Mart\u00edn a franchi une nouvelle \u00e9tape dans sa r\u00e9cup\u00e9ration apr\u00e8s sa blessure \u00e0 l&rsquo;\u00e9paule lors du Grand Prix du Japon. Pas \u00e9pargn\u00e9 par les blessures cette saison, le champion du monde de MotoGP 2024 est d\u00e9sormais absent suite \u00e0 une blessure \u00e0 l&rsquo;\u00e9paule, lui qui a manqu\u00e9 le Grand Prix d&rsquo;Indon\u00e9sie ce week-end. Suite \u00e0 sa quatri\u00e8me blessure de la saison, subie le 27 septembre dans une chute au d\u00e9part de la course sprint de Motegi, Mart\u00edn s&rsquo;est fractur\u00e9 la clavicule droite et il a d\u00fb subir une intervention chirurgicale pratiqu\u00e9e mardi dernier \u00e0 Barcelone. Mais il vient de franchir une nouvelle \u00e9tape dans son processus de r\u00e9\u00e9ducation.<\/p>\n<p>Alors qu&rsquo;Aprilia a d&rsquo;ores et d\u00e9j\u00e0 fait savoir que son pilote serait absent pour le GP d&rsquo;Australie, la semaine prochaine, Mart\u00edn devrait \u00e9galement manquer le GP de Malaisie, une semaine plus tard. Mais le pilote espagnol esp\u00e8re \u00eatre de retour pour le dernier double-header de la saison, qui inclut les GP du Portugal et de Valence entre le 7 et le 16 novembre. Ce lundi matin, il a \u00e9t\u00e9 annonc\u00e9, comme relay\u00e9 par Motorsport.com, qu&rsquo;il allait rejoindre le Red Bull Athlete Performance Center, centre d&rsquo;entra\u00eenement de haute performance g\u00e9r\u00e9 par son sponsor et se trouvant \u00e0 Salzburg, en Autriche. L&rsquo;Espagnol va pouvoir b\u00e9n\u00e9ficier d&rsquo;installations dernier cri ainsi que d&rsquo;une \u00e9quipe de m\u00e9decins et de kin\u00e9s afin de recevoir des soins adapt\u00e9s \u00e0 sa situation. Il pr\u00e9voit d&rsquo;y rester une semaine et va tout faire pour se soigner au mieux.<\/p>\n<p> Jorge Mart\u00edn a franchi une nouvelle \u00e9tape dans sa r\u00e9cup\u00e9ration apr\u00e8s sa blessure \u00e0 l&rsquo;\u00e9paule lors du Grand Prix du Japon. Pas \u00e9pargn\u00e9 par les blessures cette saison, le champion du monde de MotoGP 2024 est d\u00e9sormais absent suite \u00e0 une blessure \u00e0 l&rsquo;\u00e9paule, lui qui a manqu\u00e9 le Grand Prix d&rsquo;Indon\u00e9sie ce week-end. <\/p>\n<p> Pour r\u00e9sumer<\/p>\n<p>Jorge Mart\u00edn a franchi une nouvelle \u00e9tape dans sa r\u00e9cup\u00e9ration apr\u00e8s sa blessure \u00e0 l&rsquo;\u00e9paule lors du Grand Prix du Japon. Pas \u00e9pargn\u00e9 par les blessures cette saison, le champion du monde de MotoGP 2024 est d\u00e9sormais absent suite \u00e0 une blessure \u00e0 l&rsquo;\u00e9paule, lui qui a manqu\u00e9 le Grand Prix d&rsquo;Indon\u00e9sie ce week-end.<\/p>\n<p>R\u00e9dacteur<\/p>\n<p><img decoding=\"async\" width=\"76\" height=\"76\" loading=\"lazy\" src=\"https:\/\/www.europesays.com\/fr\/wp-content\/uploads\/2025\/04\/logo-victor-willems.jpg\" alt=\"Victor Willems\"\/><\/p>\n","protected":false},"excerpt":{"rendered":"Jorge Mart\u00edn a franchi une nouvelle \u00e9tape dans sa r\u00e9cup\u00e9ration apr\u00e8s sa blessure \u00e0 l&rsquo;\u00e9paule lors du Grand&hellip;\n","protected":false},"author":2,"featured_media":443415,"comment_status":"","ping_status":"","sticky":false,"template":"","format":"standard","meta":{"footnotes":""},"categories":[1413],"tags":[1011,27,1457,1456,60],"class_list":{"0":"post-443414","1":"post","2":"type-post","3":"status-publish","4":"format-standard","5":"has-post-thumbnail","7":"category-moto","8":"tag-fr","9":"tag-france","10":"tag-moto","11":"tag-motocycle","12":"tag-sports"},"share_on_mastodon":{"url":"https:\/\/pubeurope.com\/@fr\/115328586666380873","error":""},"_links":{"self":[{"href":"https:\/\/www.europesays.com\/fr\/wp-json\/wp\/v2\/posts\/443414","targetHints":{"allow":["GET"]}}],"collection":[{"href":"https:\/\/www.europesays.com\/fr\/wp-json\/wp\/v2\/posts"}],"about":[{"href":"https:\/\/www.europesays.com\/fr\/wp-json\/wp\/v2\/types\/post"}],"author":[{"embeddable":true,"href":"https:\/\/www.europesays.com\/fr\/wp-json\/wp\/v2\/users\/2"}],"replies":[{"embeddable":true,"href":"https:\/\/www.europesays.com\/fr\/wp-json\/wp\/v2\/comments?post=443414"}],"version-history":[{"count":0,"href":"https:\/\/www.europesays.com\/fr\/wp-json\/wp\/v2\/posts\/443414\/revisions"}],"wp:featuredmedia":[{"embeddable":true,"href":"https:\/\/www.europesays.com\/fr\/wp-json\/wp\/v2\/media\/443415"}],"wp:attachment":[{"href":"https:\/\/www.europesays.com\/fr\/wp-json\/wp\/v2\/media?parent=443414"}],"wp:term":[{"taxonomy":"category","embeddable":true,"href":"https:\/\/www.europesays.com\/fr\/wp-json\/wp\/v2\/categories?post=443414"},{"taxonomy":"post_tag","embeddable":true,"href":"https:\/\/www.europesays.com\/fr\/wp-json\/wp\/v2\/tags?post=443414"}],"curies":[{"name":"wp","href":"https:\/\/api.w.org\/{rel}","templated":true}]}}