{"id":443416,"date":"2025-10-06T18:15:16","date_gmt":"2025-10-06T18:15:16","guid":{"rendered":"https:\/\/www.europesays.com\/fr\/443416\/"},"modified":"2025-10-06T18:15:16","modified_gmt":"2025-10-06T18:15:16","slug":"rugby-gael-drean-sacre-revelation-de-la-saison-le-figaro","status":"publish","type":"post","link":"https:\/\/www.europesays.com\/fr\/443416\/","title":{"rendered":"Rugby : Ga\u00ebl Dr\u00e9an sacr\u00e9 r\u00e9v\u00e9lation de la saison &#8211; Le Figaro"},"content":{"rendered":"<ol>\n<li><a href=\"https:\/\/news.google.com\/rss\/articles\/CBMioAFBVV95cUxNN05oSEY2bWlqUWFEZDhrcUJ4WUh1RTdDZTBSWUQ4VXVFTzJLVDRzblh0MURpNEJwdFhVNVdvTFdiRG9XLW9DRTFiSGNjRndyczNPdlYtQXF0MlZQMlQ3WkFKNDZ1YTZPcV9TWGxJU1k0b1ktTzVxUTRvc2xHUEVDU3A3LWdoaXFlQWhCenU4S25kOElkcE5NdWwzczZ2SWR5?oc=5\" target=\"_blank\" rel=\"noopener\">Rugby : Ga\u00ebl Dr\u00e9an sacr\u00e9 r\u00e9v\u00e9lation de la saison<\/a>&nbsp;&nbsp;Le Figaro<\/li>\n<li><a href=\"https:\/\/news.google.com\/rss\/articles\/CBMiwAFBVV95cUxNUmF1cm5JRHduNjVhd3J2cHBQcmg0MjlvM3VKU25XRWRNRExJM2pNVHVZZEVaT3YzQ3M3RnBQNFE0WVFaSzI5QTdnaGRnME94TjNPUkxnRWxlWDR5QzRpVkxLaFBKTkdRX25Bb29OaGZOZzAyN3prN3RodFdaMWptNlZrRE52MnJLNHNrWXNQakZzS0FwZlZDckJjMm1jSnhmWUdpNlJOU2VUVXpCSC1URFBfcUkzelEzcjUydjlFdno?oc=5\" target=\"_blank\" rel=\"noopener\">Le Toulonnais Ga\u00ebl Dr\u00e9an \u00e9lu r\u00e9v\u00e9lation de l&rsquo;ann\u00e9e lors de la Nuit du Rugby<\/a>&nbsp;&nbsp;L&rsquo;\u00c9quipe<\/li>\n<li><a href=\"https:\/\/news.google.com\/rss\/articles\/CBMitgFBVV95cUxPRWxLVUJQb1NDTnFMMXF3SmRFOWx1c3ZVUnZ2TXQ1R1h3TGhlVWVReFVxRzl3b3NUZUtMOEZSRlNJanhmT2VMa3hwcUtXcHZZT3cxaE1ERTVYeURzUVBJcldiMkdSd3dsNW5odm8tVTkzdGJncVBaUHVxWlhmT0ZNNmJBLXFuYmJDeGZZMEFzN0gyZWNmaEtxU1lTX1FDb2Jic09Yby1Xem9iX2JDcnJMWjMxN0w0Zw?oc=5\" target=\"_blank\" rel=\"noopener\">21\u00e8me \u00e9dition de \u00ab\u00a0La nuit du rugby\u00a0\u00bb : qui deviendra le meilleur joueur de la saison ?<\/a>&nbsp;&nbsp;europe1.fr<\/li>\n<li><a href=\"https:\/\/news.google.com\/rss\/articles\/CBMinwFBVV95cUxPRmNaWW9VWmRUMk03eUU1aG1ZUmZyZG4wM2NUcVk2Q3ZmQWI4ZkczZFRLY2x4U0RQLVpfTWRhOGtXN01WN25LQkFGVl9POHdjY21NLUhFZGJ3c0ZqR2VSMldlM1ZLazc0U09NWThSbzIzdFBBLWpRUnlXWngtOWwzWHc4a0R3dENoOWVRQ0xiUWloenkwSjdOak5JUHVDTXPSAaQBQVVfeXFMTnZNSXBGOUpYcG8wQlVKb3ctUFZPaHNaQXFwS2YyNFFuVzZJbWRHTWo1S3V4ZXpQVXIzc2F4MHU3bHdEUmtDMjhkLUtjOG9pUUpNclBDNkpfRUpnTkx4ejZvSjk4a0FSSGpxakxLVnZKZEJXbGJBeXBsLVdkbmpVTngtclZTZEtPc0NaaGNTYURhUkljMEc5bU5pREtZRy0xa04zS2U?oc=5\" target=\"_blank\" rel=\"noopener\">Nuit du rugby 2025 : \u00e0 quelle heure et sur quelle chaine ?<\/a>&nbsp;&nbsp;CNews<\/li>\n<li><a href=\"https:\/\/news.google.com\/rss\/articles\/CBMi8AFBVV95cUxOdHM3TzZ1YjNoc01Lc3liRkVsc2dKdTFBNEtpOUV1cGliOW5FM2hzZHhFUWxWLWpMMTExVVNlSVBiUjRXSWI0VVM5SkV0b0JLZnRQRWt6THFndEtCLU1xaVFVUm41T3BheGprMGNZVlkxRkN0dGpSMjE5dXVJdkZybTNRNEJvN2dqSEx1a3Bldk95bmlPLVZta3Y0ZV9Va2U4TThfMTZTbG82U0twM3A3UlJ6blFLOEZHSnppYWltcHVybmtBWktCdUgtT25IOVQ4VUUyOVYxZVFOSHFEaDMzbFR6MXoxRTJwTG9JeU5QakQ?oc=5\" target=\"_blank\" rel=\"noopener\">VIDEO. Nuit du rugby 2025 : nomm\u00e9s, cha\u00eene, horaire\u2026 Tout ce qu\u2019il faut savoir sur la c\u00e9r\u00e9monie de remise de troph\u00e9es<\/a>&nbsp;&nbsp;ladepeche.fr<\/li>\n<\/ol>\n","protected":false},"excerpt":{"rendered":"Rugby : Ga\u00ebl Dr\u00e9an sacr\u00e9 r\u00e9v\u00e9lation de la saison&nbsp;&nbsp;Le Figaro Le Toulonnais Ga\u00ebl Dr\u00e9an \u00e9lu r\u00e9v\u00e9lation de l&rsquo;ann\u00e9e&hellip;\n","protected":false},"author":2,"featured_media":443417,"comment_status":"","ping_status":"","sticky":false,"template":"","format":"standard","meta":{"footnotes":""},"categories":[1412],"tags":[1451,1452,1453,1454,1455,1011,27,8177,60],"class_list":{"0":"post-443416","1":"post","2":"type-post","3":"status-publish","4":"format-standard","5":"has-post-thumbnail","7":"category-f1","8":"tag-f1","9":"tag-formula-1","10":"tag-formula1","11":"tag-formule-1","12":"tag-formule1","13":"tag-fr","14":"tag-france","15":"tag-rc-toulon","16":"tag-sports"},"share_on_mastodon":{"url":"https:\/\/pubeurope.com\/@fr\/115328589683517620","error":""},"_links":{"self":[{"href":"https:\/\/www.europesays.com\/fr\/wp-json\/wp\/v2\/posts\/443416","targetHints":{"allow":["GET"]}}],"collection":[{"href":"https:\/\/www.europesays.com\/fr\/wp-json\/wp\/v2\/posts"}],"about":[{"href":"https:\/\/www.europesays.com\/fr\/wp-json\/wp\/v2\/types\/post"}],"author":[{"embeddable":true,"href":"https:\/\/www.europesays.com\/fr\/wp-json\/wp\/v2\/users\/2"}],"replies":[{"embeddable":true,"href":"https:\/\/www.europesays.com\/fr\/wp-json\/wp\/v2\/comments?post=443416"}],"version-history":[{"count":0,"href":"https:\/\/www.europesays.com\/fr\/wp-json\/wp\/v2\/posts\/443416\/revisions"}],"wp:featuredmedia":[{"embeddable":true,"href":"https:\/\/www.europesays.com\/fr\/wp-json\/wp\/v2\/media\/443417"}],"wp:attachment":[{"href":"https:\/\/www.europesays.com\/fr\/wp-json\/wp\/v2\/media?parent=443416"}],"wp:term":[{"taxonomy":"category","embeddable":true,"href":"https:\/\/www.europesays.com\/fr\/wp-json\/wp\/v2\/categories?post=443416"},{"taxonomy":"post_tag","embeddable":true,"href":"https:\/\/www.europesays.com\/fr\/wp-json\/wp\/v2\/tags?post=443416"}],"curies":[{"name":"wp","href":"https:\/\/api.w.org\/{rel}","templated":true}]}}