{"id":443418,"date":"2025-10-06T18:17:11","date_gmt":"2025-10-06T18:17:11","guid":{"rendered":"https:\/\/www.europesays.com\/fr\/443418\/"},"modified":"2025-10-06T18:17:11","modified_gmt":"2025-10-06T18:17:11","slug":"psg-mbappe-luis-enrique-la-decision-qui-a-mis-le-feu-aux-poudres","status":"publish","type":"post","link":"https:\/\/www.europesays.com\/fr\/443418\/","title":{"rendered":"PSG : Mbapp\u00e9, Luis Enrique\u2026 La d\u00e9cision qui a mis le feu aux poudres !"},"content":{"rendered":"<p class=\"heading\">Arriv\u00e9 en 2023, Luis Enrique n\u2019a pas pu profiter tr\u00e8s longtemps de Kylian Mbapp\u00e9, parti un an apr\u00e8s vers le Real Madrid. Mais des nouvelles indiscr\u00e9tions nous parviennent au sujet de la relation entre le technicien espagnol et l\u2019ancienne star du Paris Saint-Germain. <\/p>\n<p>Parmi les plus grands joueurs de l\u2019histoire parisienne, <strong>Kylian Mbapp\u00e9<\/strong> n\u2019aura pas laiss\u00e9 un grand souvenir lors de son d\u00e9part. Certains au <strong>PSG <\/strong>lui en veulent toujours pour avoir quitt\u00e9 le club \u00e0 la fin de son contrat et le feuilleton judiciaire avec la direction, se poursuit toujours. <\/p>\n<p>                                            \u00ab Luis Enrique a mis Mbapp\u00e9 sur le banc de touche car il pr\u00e9parait d\u00e9j\u00e0 la saison d\u2019apr\u00e8s \u00bb <\/p>\n<p>Mais<strong> Fabrice Hawkins<\/strong> nous apprend \u00e9galement que vers la fin, \u00e7a ne se passait plus tr\u00e8s bien entre lui et<a href=\"https:\/\/le10sport.com\/football\/ligue1\/psg\/le-psg-a-signe-le-nouveau-dembele-luis-enrique-jubile-759853\" rel=\"nofollow noopener\" target=\"_blank\"> Luis Enrique<\/a>. \u00ab Ils avaient une relation, surtout sur la deuxi\u00e8me partie de saison \u00e0 partir du moment o\u00f9 Mbapp\u00e9 est parti, en coulisses o\u00f9 Luis Enrique a mis Mbapp\u00e9 sur le banc de touche car il pr\u00e9parait d\u00e9j\u00e0 la saison d\u2019apr\u00e8s \u00bb a expliqu\u00e9 le journaliste de RMC, sur Colinterview. <\/p>\n<p>                                            \u00ab On imagine que Mbapp\u00e9 n\u2019\u00e9tait pas heureux d\u2019\u00eatre sur le banc \u00bb <\/p>\n<p>\u00ab Il le faisait jouer les gros matchs en Ligue des Champions et sur les matchs de Ligue 1, il pr\u00e9f\u00e9rait mettre d\u2019autres joueurs qui \u00e9taient assur\u00e9s d\u2019\u00eatre l\u00e0 la saison suivante pour pr\u00e9parer son collectif \u00bb a poursuivi <strong>Hawkins<\/strong>. \u00ab Ce qui a pu quelque peu effriter la relation car on imagine que Mbapp\u00e9 n\u2019\u00e9tait pas heureux d\u2019\u00eatre sur le banc de touche. Et il ne l\u2019\u00e9tait pas c\u2019est s\u00fbr \u00bb. <\/p>\n","protected":false},"excerpt":{"rendered":"Arriv\u00e9 en 2023, Luis Enrique n\u2019a pas pu profiter tr\u00e8s longtemps de Kylian Mbapp\u00e9, parti un an apr\u00e8s&hellip;\n","protected":false},"author":2,"featured_media":443419,"comment_status":"","ping_status":"","sticky":false,"template":"","format":"standard","meta":{"footnotes":""},"categories":[1410],"tags":[63,1011,27,60],"class_list":{"0":"post-443418","1":"post","2":"type-post","3":"status-publish","4":"format-standard","5":"has-post-thumbnail","7":"category-football","8":"tag-football","9":"tag-fr","10":"tag-france","11":"tag-sports"},"share_on_mastodon":{"url":"https:\/\/pubeurope.com\/@fr\/115328597614410004","error":""},"_links":{"self":[{"href":"https:\/\/www.europesays.com\/fr\/wp-json\/wp\/v2\/posts\/443418","targetHints":{"allow":["GET"]}}],"collection":[{"href":"https:\/\/www.europesays.com\/fr\/wp-json\/wp\/v2\/posts"}],"about":[{"href":"https:\/\/www.europesays.com\/fr\/wp-json\/wp\/v2\/types\/post"}],"author":[{"embeddable":true,"href":"https:\/\/www.europesays.com\/fr\/wp-json\/wp\/v2\/users\/2"}],"replies":[{"embeddable":true,"href":"https:\/\/www.europesays.com\/fr\/wp-json\/wp\/v2\/comments?post=443418"}],"version-history":[{"count":0,"href":"https:\/\/www.europesays.com\/fr\/wp-json\/wp\/v2\/posts\/443418\/revisions"}],"wp:featuredmedia":[{"embeddable":true,"href":"https:\/\/www.europesays.com\/fr\/wp-json\/wp\/v2\/media\/443419"}],"wp:attachment":[{"href":"https:\/\/www.europesays.com\/fr\/wp-json\/wp\/v2\/media?parent=443418"}],"wp:term":[{"taxonomy":"category","embeddable":true,"href":"https:\/\/www.europesays.com\/fr\/wp-json\/wp\/v2\/categories?post=443418"},{"taxonomy":"post_tag","embeddable":true,"href":"https:\/\/www.europesays.com\/fr\/wp-json\/wp\/v2\/tags?post=443418"}],"curies":[{"name":"wp","href":"https:\/\/api.w.org\/{rel}","templated":true}]}}