{"id":443420,"date":"2025-10-06T18:18:26","date_gmt":"2025-10-06T18:18:26","guid":{"rendered":"https:\/\/www.europesays.com\/fr\/443420\/"},"modified":"2025-10-06T18:18:26","modified_gmt":"2025-10-06T18:18:26","slug":"fashion-week-kendall-jenner-eva-longoria-jane-fonda-une-pluie-de-stars-presente-pour-le-defile-loreal-paris","status":"publish","type":"post","link":"https:\/\/www.europesays.com\/fr\/443420\/","title":{"rendered":"Fashion Week\u00a0: Kendall Jenner, Eva Longoria, Jane Fonda\u2026 Une pluie de stars pr\u00e9sente pour le d\u00e9fil\u00e9 L&rsquo;Or\u00e9al Paris"},"content":{"rendered":"<p class=\"ap-StoryElement ap-StoryElement--mb ap-StoryText\">La Fashion Week bat son plein dans la capitale. Lundi, premier jour de la f\u00eate parisienne, Saint Laurent et L&rsquo;Or\u00e9al Paris ont pr\u00e9sent\u00e9 leur nouvelle collection du Pr\u00eat-\u00e0-Porter printemps-\u00e9t\u00e9 2026. Place du Trocad\u00e9ro pour la premi\u00e8re maison, qui a accueilli Madonna en famille, Carla Bruni ou encore Ros\u00e9 du groupe Blackpink, sur le parvis de l&rsquo;H\u00f4tel de Ville pour L&rsquo;Or\u00e9al Paris, avec un show ouvert au public (sur inscription). Les ambassadrices de la marque Jane Fonda, Gillian Anderson ou encore Eva Longoria ont d\u00e9fil\u00e9 sur le th\u00e8me Libert\u00e9, \u00c9galit\u00e9, Sororit\u00e9 \u00ab\u00a0You&rsquo;re Worth It\u00a0\u00bb (\u00ab\u00a0Tu le vaux bien\u00a0\u00bb). Au centre de la sc\u00e8ne, la sublime Kendall Jenner, \u00e9galement ambassadrice de la marque, toute de blanc v\u00eatu, illuminait la ville lumi\u00e8re.<\/p>\n","protected":false},"excerpt":{"rendered":"La Fashion Week bat son plein dans la capitale. Lundi, premier jour de la f\u00eate parisienne, Saint Laurent&hellip;\n","protected":false},"author":2,"featured_media":443421,"comment_status":"","ping_status":"","sticky":false,"template":"","format":"standard","meta":{"footnotes":""},"categories":[1359],"tags":[16694,58,59,992,1011,27,32584,973,3287],"class_list":{"0":"post-443420","1":"post","2":"type-post","3":"status-publish","4":"format-standard","5":"has-post-thumbnail","7":"category-people","8":"tag-defile","9":"tag-divertissement","10":"tag-entertainment","11":"tag-fashion-week","12":"tag-fr","13":"tag-france","14":"tag-loreal","15":"tag-people","16":"tag-stars"},"share_on_mastodon":{"url":"https:\/\/pubeurope.com\/@fr\/115328601455950108","error":""},"_links":{"self":[{"href":"https:\/\/www.europesays.com\/fr\/wp-json\/wp\/v2\/posts\/443420","targetHints":{"allow":["GET"]}}],"collection":[{"href":"https:\/\/www.europesays.com\/fr\/wp-json\/wp\/v2\/posts"}],"about":[{"href":"https:\/\/www.europesays.com\/fr\/wp-json\/wp\/v2\/types\/post"}],"author":[{"embeddable":true,"href":"https:\/\/www.europesays.com\/fr\/wp-json\/wp\/v2\/users\/2"}],"replies":[{"embeddable":true,"href":"https:\/\/www.europesays.com\/fr\/wp-json\/wp\/v2\/comments?post=443420"}],"version-history":[{"count":0,"href":"https:\/\/www.europesays.com\/fr\/wp-json\/wp\/v2\/posts\/443420\/revisions"}],"wp:featuredmedia":[{"embeddable":true,"href":"https:\/\/www.europesays.com\/fr\/wp-json\/wp\/v2\/media\/443421"}],"wp:attachment":[{"href":"https:\/\/www.europesays.com\/fr\/wp-json\/wp\/v2\/media?parent=443420"}],"wp:term":[{"taxonomy":"category","embeddable":true,"href":"https:\/\/www.europesays.com\/fr\/wp-json\/wp\/v2\/categories?post=443420"},{"taxonomy":"post_tag","embeddable":true,"href":"https:\/\/www.europesays.com\/fr\/wp-json\/wp\/v2\/tags?post=443420"}],"curies":[{"name":"wp","href":"https:\/\/api.w.org\/{rel}","templated":true}]}}