{"id":443426,"date":"2025-10-06T18:24:12","date_gmt":"2025-10-06T18:24:12","guid":{"rendered":"https:\/\/www.europesays.com\/fr\/443426\/"},"modified":"2025-10-06T18:24:12","modified_gmt":"2025-10-06T18:24:12","slug":"vacciner-des-maintenant-oui-ou-non","status":"publish","type":"post","link":"https:\/\/www.europesays.com\/fr\/443426\/","title":{"rendered":"vacciner d\u00e8s maintenant, oui ou non ?"},"content":{"rendered":"<p>Par un courrier dat\u00e9 du 3\u00a0octobre, le directeur g\u00e9n\u00e9ral de la sant\u00e9, le Pr\u00a0Didier Lepelletier, a rappel\u00e9 aux repr\u00e9sentants de la profession (F\u00e9d\u00e9ration des syndicats pharmaceutiques de France, Union des syndicats des pharmaciens d\u2019officine, Ordre national des pharmaciens) que <a href=\"http:\/\/Vaccination%20:%20les%20pharmaciens%20peuvent-ils%20oui%20ou%20non%20vacciner%20d%C3%A8s%20maintenant%20?\">la campagne nationale de vaccination contre la grippe et le Covid <\/a>ne d\u00e9marrera officiellement que le 14\u00a0octobre 2025.<br \/>Mais, pr\u00e9cise-t-il, \u00ab\u00a0les pharmaciens officinaux peuvent vacciner d\u00e8s \u00e0 pr\u00e9sent les personnes qui se pr\u00e9senteraient avec leur bon de vaccination, sans attendre le 14\u00a0octobre\u00a0\u00bb. Cette possibilit\u00e9 rel\u00e8ve d\u2019une \u00ab\u00a0tol\u00e9rance\u00a0\u00bb, et non d\u2019un lancement anticip\u00e9.<\/p>\n<p>La r\u00e8gle est donc simple\u00a0: oui, les pharmaciens qui ont re\u00e7us les doses de vaccins peuvent vacciner d\u00e8s aujourd\u2019hui, mais uniquement si le patient dispose de son bon.<\/p>\n<\/p>\n<p>Pas de promotion, mais pas de refus<\/p>\n<p><a href=\"https:\/\/www.lemoniteurdespharmacies.fr\/nouvelles-missions\/vaccination\/vaccination-antigrippale-99-des-pharmaciens-experimentateurs-prets-a-recommencer\" target=\"_blank\" rel=\"noopener\">La DGS insiste sur le cadre fix\u00e9\u00a0: pas de communication active avant le 14\u00a0octobre, <\/a>pour ne pas brouiller le calendrier national.<br \/>En revanche, refuser un patient qui souhaite \u00eatre vaccin\u00e9 avant cette date est exclu. Les officines doivent r\u00e9pondre \u00e0 la demande individuelle, mais sans organiser de campagnes locales de promotion.<\/p>\n<p>Objectif\u00a0: am\u00e9liorer la couverture vaccinale<\/p>\n<p>Au-del\u00e0 de ce lancement sous \u00ab\u00a0tol\u00e9rance\u00a0\u00bb, les autorit\u00e9s sanitaires comptent sur les pharmaciens pour doper la couverture vaccinale. En 2024, 52\u00a0% des personnes \u00e0 risque avaient \u00e9t\u00e9 vaccin\u00e9es contre la grippe, selon Sant\u00e9 publique France. Mais la mobilisation a \u00e9t\u00e9 bien plus faible contre le Covid-19, avec seulement 25\u00a0% des plus de 65 ans\u00a0qui ont re\u00e7u une injection.<\/p>\n<p>La DGS, la Caisse nationale de l\u2019Assurance maladie et Sant\u00e9 publique France tiendront un point presse commun le 7\u00a0octobre pour officialiser la campagne et fixer les objectifs.<\/p>\n<p>Une attente forte vis-\u00e0-vis des officines<\/p>\n<p>\u00ab\u00a0Nous comptons sur la mobilisation des officinaux pour faire de la campagne de vaccination un succ\u00e8s et faire progresser la couverture vaccinale par rapport \u00e0 l\u2019an pass\u00e9\u00a0\u00bb, conclut la DGS dans son courrier.<\/p>\n<p>Les pharmaciens doivent dont assurer d\u00e8s maintenant une vaccination \u00ab\u00a0\u00e0 la demande\u00a0\u00bb, tout en pr\u00e9parant la mont\u00e9e en charge \u00e0 partir du 14\u00a0octobre, date du lancement officiel.<\/p>\n","protected":false},"excerpt":{"rendered":"Par un courrier dat\u00e9 du 3\u00a0octobre, le directeur g\u00e9n\u00e9ral de la sant\u00e9, le Pr\u00a0Didier Lepelletier, a rappel\u00e9 aux&hellip;\n","protected":false},"author":2,"featured_media":443427,"comment_status":"","ping_status":"","sticky":false,"template":"","format":"standard","meta":{"footnotes":""},"categories":[10],"tags":[4400,1011,27,29786,72,5794,71,5699,3427,4008],"class_list":{"0":"post-443426","1":"post","2":"type-post","3":"status-publish","4":"format-standard","5":"has-post-thumbnail","7":"category-sante","8":"tag-covid","9":"tag-fr","10":"tag-france","11":"tag-grippe","12":"tag-health","13":"tag-politiques-de-sante","14":"tag-sante","15":"tag-sante-publique","16":"tag-syndicats","17":"tag-vaccins"},"share_on_mastodon":{"url":"https:\/\/pubeurope.com\/@fr\/115328625447113482","error":""},"_links":{"self":[{"href":"https:\/\/www.europesays.com\/fr\/wp-json\/wp\/v2\/posts\/443426","targetHints":{"allow":["GET"]}}],"collection":[{"href":"https:\/\/www.europesays.com\/fr\/wp-json\/wp\/v2\/posts"}],"about":[{"href":"https:\/\/www.europesays.com\/fr\/wp-json\/wp\/v2\/types\/post"}],"author":[{"embeddable":true,"href":"https:\/\/www.europesays.com\/fr\/wp-json\/wp\/v2\/users\/2"}],"replies":[{"embeddable":true,"href":"https:\/\/www.europesays.com\/fr\/wp-json\/wp\/v2\/comments?post=443426"}],"version-history":[{"count":0,"href":"https:\/\/www.europesays.com\/fr\/wp-json\/wp\/v2\/posts\/443426\/revisions"}],"wp:featuredmedia":[{"embeddable":true,"href":"https:\/\/www.europesays.com\/fr\/wp-json\/wp\/v2\/media\/443427"}],"wp:attachment":[{"href":"https:\/\/www.europesays.com\/fr\/wp-json\/wp\/v2\/media?parent=443426"}],"wp:term":[{"taxonomy":"category","embeddable":true,"href":"https:\/\/www.europesays.com\/fr\/wp-json\/wp\/v2\/categories?post=443426"},{"taxonomy":"post_tag","embeddable":true,"href":"https:\/\/www.europesays.com\/fr\/wp-json\/wp\/v2\/tags?post=443426"}],"curies":[{"name":"wp","href":"https:\/\/api.w.org\/{rel}","templated":true}]}}