{"id":443436,"date":"2025-10-06T18:29:18","date_gmt":"2025-10-06T18:29:18","guid":{"rendered":"https:\/\/www.europesays.com\/fr\/443436\/"},"modified":"2025-10-06T18:29:18","modified_gmt":"2025-10-06T18:29:18","slug":"legyptien-khaled-el-enany-designe-pour-prendre-la-direction-de-lunesco","status":"publish","type":"post","link":"https:\/\/www.europesays.com\/fr\/443436\/","title":{"rendered":"L&rsquo;\u00c9gyptien Khaled el-Enany d\u00e9sign\u00e9 pour prendre la direction de l&rsquo;Unesco"},"content":{"rendered":"<p>Le candidat \u00e9gyptien a recueilli 55 voix contre 2 pour le Congolais Firmin Edouard Matoko.<\/p>\n<p class=\"fig-paragraph\">Le Conseil ex\u00e9cutif de\u00a0<a href=\"https:\/\/www.lefigaro.fr\/tag\/unesco\" target=\"_blank\" rel=\"sponsored noopener\" data-gtm-custom-categorie=\"navigation\" data-gtm-custom-action=\"crossclick\" data-gtm-custom-label=\"Contextuel\" data-gtm-event=\"customEventSPE\">l&rsquo;Unesco\u00a0<\/a>a d\u00e9sign\u00e9 lundi l&rsquo;\u00c9gyptien Khaled el-Enany pour devenir son directeur g\u00e9n\u00e9ral pour les quatre prochaines ann\u00e9es, a annonc\u00e9 sa pr\u00e9sidente Vera El Khoury Lacoeuilhe. Le candidat \u00e9gyptien a recueilli 55 voix contre 2 pour le Congolais Firmin Edouard Matoko, a-t-elle d\u00e9taill\u00e9. Cet ancien ministre des Antiquit\u00e9s et du Tourisme (de 2016 \u00e0 2022) de 54 ans, \u00e9gyptologue de formation, a r\u00e9uni 55 voix sur 57 lors de ce vote, qui doit d\u00e9sormais \u00eatre formellement ent\u00e9rin\u00e9 le 6 novembre lors de la r\u00e9union de la Conf\u00e9rence g\u00e9n\u00e9rale de l\u2019Organisation des Nations unies pour l\u2019\u00e9ducation, la science et la culture \u00e0 Samarcande (Ouzb\u00e9kistan). Jamais la Conf\u00e9rence n\u2019est all\u00e9e \u00e0 l\u2019encontre d\u2019un choix du Conseil ex\u00e9cutif.<\/p>\n<p class=\"fig-paragraph\">Ce parfait francophone, dipl\u00f4m\u00e9 d\u2019\u00e9gyptologie \u00e0 l\u2019universit\u00e9 de Montpellier, deviendra alors le premier directeur g\u00e9n\u00e9ral de l\u2019Unesco originaire d\u2019un pays arabe, et le deuxi\u00e8me Africain apr\u00e8s le S\u00e9n\u00e9galais Amadou Mahtar Mbow (1974-1987). \u00abJe souhaite le meilleur au Dr el-Enany pour accomplir sa noble mission\u00bb, a r\u00e9agi le pr\u00e9sident \u00e9gyptien Abdel Fattah al-Sissi dans un communiqu\u00e9. M. el-Enany prendra officiellement ses fonctions le 14 novembre, succ\u00e9dant \u00e0 la Fran\u00e7aise\u00a0<a href=\"http:\/\/www.lefigaro.fr\/culture\/patrimoine\/audrey-azoulay-si-donald-trump-quittait-l-unesco-cela-ne-mettrait-pas-en-peril-l-organisation-20241117\" data-fig-type=\"Article\" data-gtm-custom-categorie=\"navigation\" data-gtm-custom-action=\"crossclick\" data-gtm-custom-label=\"Contextuel\" data-gtm-event=\"customEventSPE\" data-fig-domain=\"LEFIGARO\" target=\"_blank\" rel=\"noopener\">Audrey Azoulay<\/a>, en poste depuis 2017. Devant le Conseil ex\u00e9cutif, il a promis lundi de travailler \u00abmain dans la main avec tous les \u00c9tats membres pour b\u00e2tir ensemble une feuille de route pour moderniser l\u2019Unesco et la projeter vers l\u2019avenir\u00bb.<\/p>\n<p>                                    <a class=\"fig-a11y-skip a11y-hidden\" href=\"#fig-a11y-skip-main-inarticle\"><br \/>\n        Passer la publicit\u00e9<br \/>\n    <\/a><\/p>\n<p class=\"fig-paragraph\">Face \u00e0 M. Matoko qui mettait en avant ses 35 ans de carri\u00e8re \u00e0 l\u2019Unesco, Khaled el-Enany promettait durant sa campagne lanc\u00e9e en 2023 d\u2019apporter un \u00abregard nouveau\u00bb et le savoir-faire issu d\u2019une carri\u00e8re pass\u00e9e \u00absur le terrain\u00bb &#8211; en tant que chercheur en \u00e9gyptologie, directeur du c\u00e9l\u00e8bre Mus\u00e9e \u00e9gyptien du Caire, puis ministre &#8211; pour donner \u00abplus de visibilit\u00e9 et plus d\u2019impact\u00bb \u00e0 l\u2019Unesco. Son action minist\u00e9rielle est globalement salu\u00e9e dans une p\u00e9riode o\u00f9 ce secteur majeur de l\u2019\u00e9conomie \u00e9gyptienne, grand pourvoyeur d\u2019emplois et de devises, a \u00e9t\u00e9 \u00e9branl\u00e9 par de sanglants attentats revendiqu\u00e9s par l\u2019\u00c9tat islamique en 2017 et 2018, puis la pand\u00e9mie de Covid de 2020.<\/p>\n<p class=\"fig-paragraph\">Il a \u00e9galement supervis\u00e9 la cr\u00e9ation du Mus\u00e9e national de la civilisation \u00e9gyptienne, qui abrite depuis 2021 une dizaine de momies royales dont celle de Rams\u00e8s II. Son nom a toutefois \u00e9t\u00e9 associ\u00e9 \u00e0 des dommages caus\u00e9s en 2020 par des grands travaux de d\u00e9veloppement urbains dans la n\u00e9cropole historique du Caire, \u00abLa Cit\u00e9 des morts\u00bb. L\u2019expulsion d\u2019habitants pr\u00e9caires et le d\u00e9placement de d\u00e9pouilles de ce site inscrit au patrimoine mondial de l\u2019Unesco avaient suscit\u00e9 de vives critiques. Le minist\u00e8re dirig\u00e9 par M. el-Enany avait alors assur\u00e9 n\u2019avoir proc\u00e9d\u00e9 \u00e0 \u00abaucune destruction de monuments\u00bb, seulement \u00abdes tombes contemporaines\u00bb.<\/p>\n<p><strong>\u00abJe veux essayer de d\u00e9politiser le d\u00e9bat au sein de l\u2019Unesco\u00bb<\/strong><\/p>\n<p class=\"fig-paragraph\">Il prend les r\u00eanes d\u2019une organisation travers\u00e9e par une profonde remise en question, accus\u00e9e ces derniers mois d\u2019\u00eatre politis\u00e9e. Apr\u00e8s Isra\u00ebl en 2017, elle a enregistr\u00e9 cette ann\u00e9e le d\u00e9part du Nicaragua, annonc\u00e9 en mai apr\u00e8s l\u2019attribution d\u2019un prix \u00e0 un journal d\u2019opposition, et surtout des \u00c9tats-Unis, officialis\u00e9 en juillet par l\u2019administration Trump qui l\u2019accuse de parti pris anti-isra\u00e9lien, de promouvoir \u00abdes causes sociales et culturelles clivantes\u00bb et de d\u00e9fendre \u00abune feuille de route id\u00e9ologique et mondialiste\u00bb. Ce d\u00e9part ampute ses finances &#8211; Washington fournit 8% de son budget total &#8211; mais aussi son prestige.<\/p>\n<p class=\"fig-paragraph\">Khaled el-Enany a promis de s\u2019employer \u00e0 faire revenir les \u00c9tats-Unis, ce qu\u2019avait r\u00e9ussi \u00e0 faire Audrey Azoulay en 2023, six ans apr\u00e8s que Donald Trump eut d\u00e9cid\u00e9 une premi\u00e8re fois de retirer son pays. \u00abJe veux essayer de d\u00e9politiser le d\u00e9bat au sein de l\u2019Unesco. Un enfant priv\u00e9 d\u2019\u00e9ducation, je ne veux pas savoir sa nationalit\u00e9\u00bb, expliquait-il r\u00e9cemment \u00e0 l\u2019AFP.<\/p>\n<p class=\"fig-paragraph\">\u00abJe ne viens pas avec un agenda, je ne viens pas comme porte-parole du monde arabe, ni du continent africain\u00bb. Devant la presse, il avait \u00e9galement \u00e9voqu\u00e9 le r\u00f4le \u00ab\u00e9norme\u00bb que pourrait jouer l\u2019Unesco dans les zones de conflit, \u00abaussi bien \u00e0 Gaza qu\u2019en Ukraine ou \u00e0 Ha\u00efti\u00bb, \u00e9voquant \u00abla destruction du syst\u00e8me scolaire\u00bb, \u00abdes journalistes tu\u00e9s comme jamais vu dans le monde\u00bb, \u00ables sites culturels qui disparaissent\u00bb&#8230;<\/p>\n<p>                                    <a class=\"fig-a11y-skip a11y-hidden\" href=\"#fig-a11y-skip-main-inarticle_mtf\"><br \/>\n        Passer la publicit\u00e9<br \/>\n    <\/a><\/p>\n<p class=\"fig-paragraph\">\u00abMais pour \u00eatre efficace, c\u2019est de l\u2019argent, c\u2019est des budgets\u00bb, rappelait-il. Il entend aussi d\u00e9velopper l\u2019assise financi\u00e8re de l\u2019Unesco en attirant plus de contributions volontaires de gouvernements ou en faisant appel aux ressources du secteur priv\u00e9 (fondations, m\u00e9c\u00e8nes, entreprises etc&#8230;). Ces derni\u00e8res \u00abrepr\u00e9sentaient 8% (du budget) en 2024, il y a de la marge pour les augmenter\u00bb, explique-t-il.<\/p>\n","protected":false},"excerpt":{"rendered":"Le candidat \u00e9gyptien a recueilli 55 voix contre 2 pour le Congolais Firmin Edouard Matoko. Le Conseil ex\u00e9cutif&hellip;\n","protected":false},"author":2,"featured_media":443437,"comment_status":"","ping_status":"","sticky":false,"template":"","format":"standard","meta":{"footnotes":""},"categories":[5],"tags":[11,11035,1011,27,14,12,12077,28],"class_list":{"0":"post-443436","1":"post","2":"type-post","3":"status-publish","4":"format-standard","5":"has-post-thumbnail","7":"category-international","8":"tag-actualites","9":"tag-election","10":"tag-fr","11":"tag-france","12":"tag-international","13":"tag-news","14":"tag-unesco","15":"tag-world"},"share_on_mastodon":{"url":"https:\/\/pubeurope.com\/@fr\/115328645091466887","error":""},"_links":{"self":[{"href":"https:\/\/www.europesays.com\/fr\/wp-json\/wp\/v2\/posts\/443436","targetHints":{"allow":["GET"]}}],"collection":[{"href":"https:\/\/www.europesays.com\/fr\/wp-json\/wp\/v2\/posts"}],"about":[{"href":"https:\/\/www.europesays.com\/fr\/wp-json\/wp\/v2\/types\/post"}],"author":[{"embeddable":true,"href":"https:\/\/www.europesays.com\/fr\/wp-json\/wp\/v2\/users\/2"}],"replies":[{"embeddable":true,"href":"https:\/\/www.europesays.com\/fr\/wp-json\/wp\/v2\/comments?post=443436"}],"version-history":[{"count":0,"href":"https:\/\/www.europesays.com\/fr\/wp-json\/wp\/v2\/posts\/443436\/revisions"}],"wp:featuredmedia":[{"embeddable":true,"href":"https:\/\/www.europesays.com\/fr\/wp-json\/wp\/v2\/media\/443437"}],"wp:attachment":[{"href":"https:\/\/www.europesays.com\/fr\/wp-json\/wp\/v2\/media?parent=443436"}],"wp:term":[{"taxonomy":"category","embeddable":true,"href":"https:\/\/www.europesays.com\/fr\/wp-json\/wp\/v2\/categories?post=443436"},{"taxonomy":"post_tag","embeddable":true,"href":"https:\/\/www.europesays.com\/fr\/wp-json\/wp\/v2\/tags?post=443436"}],"curies":[{"name":"wp","href":"https:\/\/api.w.org\/{rel}","templated":true}]}}