{"id":443442,"date":"2025-10-06T18:32:26","date_gmt":"2025-10-06T18:32:26","guid":{"rendered":"https:\/\/www.europesays.com\/fr\/443442\/"},"modified":"2025-10-06T18:32:26","modified_gmt":"2025-10-06T18:32:26","slug":"ia-tour-42-la-cpme-loire-et-la-cci-pronent-lintelligence-collective-pour-faire-face","status":"publish","type":"post","link":"https:\/\/www.europesays.com\/fr\/443442\/","title":{"rendered":"IA Tour 42 : la CPME Loire et la CCI pr\u00f4nent l&rsquo;intelligence collective pour faire face"},"content":{"rendered":"<p><img fetchpriority=\"high\" decoding=\"async\" width=\"1024\" height=\"576\" src=\"https:\/\/www.europesays.com\/fr\/wp-content\/uploads\/2025\/10\/web-gbe76a2e9a_1920-e1661959288959-1024x576.jpg\" alt=\"\" class=\"wp-image-37928\"  \/>L\u2019IA Tour 42 s\u2019adresse aux TPE et PME du d\u00e9partement pour leur permettre de faire de l\u2019IA une opportunit\u00e9. <\/p>\n<p>Mardi 30 septembre, la CCI Lyon M\u00e9tropole Saint-\u00c9tienne Roanne, la CPME Auvergne Rh\u00f4ne-Alpes, la CPME de la Loire, avec l\u2019appui de <a href=\"https:\/\/www.ene.fr\/\" target=\"_blank\" rel=\"noreferrer noopener nofollow\">l\u2019ENE<\/a> ont lanc\u00e9 l\u2019\u00ab\u00a0IA Tour 42\u00a0\u00bb, d\u00e9crite comme \u00ab\u00a0une tourn\u00e9e in\u00e9dite pour mettre l\u2019IA au c\u0153ur des entreprises lig\u00e9riennes\u00a0\u00bb. Selon une consultation nationale des entrepreneurs men\u00e9e par CCI France en ao\u00fbt 2025, 35 % des chefs d\u2019entreprise se disent familiers avec les outils d\u2019IA contre 27 % des salari\u00e9s. \u00ab Aujourd\u2019hui, beaucoup de structures testent des outils simples : chatbot, automatisation de certaines t\u00e2ches, analyse de donn\u00e9e. Mais tr\u00e8s peu vont jusqu\u2019\u00e0 int\u00e9grer l\u2019IA de mani\u00e8re structur\u00e9e dans leur strat\u00e9gie \u00bb, observe Philippe Valentin, Pr\u00e9sident CCI Lyon M\u00e9tropole Saint-\u00c9tienne Roanne.<\/p>\n<p>Selon Bpifrance, deux dirigeants sur trois consid\u00e8rent <a href=\"https:\/\/www.if-saint-etienne.fr\/tag\/intelligence-artificielle-ia\" target=\"_blank\" rel=\"noreferrer noopener nofollow\">l\u2019IA<\/a> comme strat\u00e9gique, mais n\u2019imaginent pas de plan d\u2019action avant 3 \u00e0 4 ans. \u00ab Beaucoup d\u2019entreprises pensent encore que l\u2019IA est trop complexe, trop co\u00fbteuse, r\u00e9serv\u00e9e aux grands groupes. La r\u00e9alit\u00e9, c\u2019est que la vague IA est d\u00e9j\u00e0 l\u00e0, et qu\u2019il faut apprendre \u00e0 surfer dessus maintenant \u00bb, ajoute Daniel Villareale, pr\u00e9sident de la CPME Loire et CPME Auvergne Rh\u00f4ne-Alpes. Rendre concr\u00e8te et accessible l\u2019IA, c\u2019est donc l\u2019objet de l\u2019\u00ab\u00a0IA Tour 42\u00a0\u00bb. Une d\u00e9marche \u00e0 l\u2019\u00e9chelle de la CCI m\u00e9tropolitaine qui commence sur le territoire st\u00e9phanois, \u00ab un territoire innovant, industriel et cr\u00e9atif. Avec la CPME, la CCI et l\u2019ENE, nous allons \u00e0 la rencontre des dirigeants pour casser les id\u00e9es re\u00e7ues, inscrire l\u2019IA dans une strat\u00e9gie de l\u2019entreprise en montrant que l\u2019IA peut devenir un v\u00e9ritable instrument de performance. \u00bb<\/p>\n<p>Une dizaine de workshops <\/p>\n<p>A partir de fin novembre et jusqu\u2019en juillet 2026, l\u2019IA Tour 42 va encha\u00eener les dates : une dizaine de workshops au c\u0153ur des diff\u00e9rents bassins \u00e9conomiques de la Loire avec pour objectif de donner aux entreprises locales \u00ab\u00a0les cl\u00e9s pour monter sur sc\u00e8ne avec l\u2019IA et ne pas rester en coulisses\u00a0\u00bb. Au programme :<\/p>\n<ul class=\"wp-block-list\">\n<li>Des conseils pour l\u2019action : interventions d\u2019experts<\/li>\n<li>Des d\u00e9mos live d\u2019outils IA adapt\u00e9s aux TPE\/PME<\/li>\n<li>Des \u00e9changes avec des t\u00e9moignages concrets de dirigeants lig\u00e9riens, qui se sont d\u00e9j\u00e0 lanc\u00e9s et ont fait de l\u2019IA un v\u00e9ritable levier de performance<\/li>\n<li>Des experts pour r\u00e9pondre aux questions des dirigeants<\/li>\n<li>Des focus sectoriels : commerce, industrie, agroalimentaire, bois, sant\u00e9, services \u2013 Des id\u00e9es nouvelles pour faire entrer l\u2019IA dans le quotidien des entrepreneurs et en faire une strat\u00e9gie d\u2019entreprise<\/li>\n<\/ul>\n<p>10 dates entre Noir\u00e9table et Bourg-Argental<\/p>\n<ul class=\"wp-block-list\">\n<li>20 novembre 2025 \u00e0 Feurs, focus \u00ab\u00a0Agroalimentaire\u00a0\u00bb<\/li>\n<li>20 novembre 2025 \u00e0 Saint-Etienne, focus \u00ab\u00a0Service\u00a0\u00bb<\/li>\n<li>D\u00e9cembre 2025 \u00e0 Andr\u00e9zieux-Bouth\u00e9on, focus \u00ab\u00a0B\u00e2timent \/ \u00e9coconstruction\u00a0\u00bb<\/li>\n<li>Janvier 2026 \u00e0 Montbrison, focus \u00ab\u00a0Commerce\u00a0\u00bb<\/li>\n<li>F\u00e9vrier 2026 \u00e0 Roanne (th\u00e8me non communiqu\u00e9)<\/li>\n<li>Mars 2026 dans l\u2019Ondaine et\/ou vall\u00e9e du Gier, focus \u00ab\u00a0M\u00e9canique \/ M\u00e9tallurgie\u00a0\u00bb<\/li>\n<li>Avril 2026 \u00e0 Charlieu, focus \u00ab\u00a0Textile\u00a0\u00bb<\/li>\n<li>Mai 2026 \u00e0 Noir\u00e9table, focus \u00ab\u00a0Bois\u00a0\u00bb<\/li>\n<li>Juin 2026 \u00e0 Bourg-Argental (th\u00e8me non communiqu\u00e9)<\/li>\n<li>Juillet 2026 \u00e0 Saint-Etienne, focus \u00ab\u00a0Sant\u00e9 \/ M\u00e9dical\u00a0\u00bb<\/li>\n<\/ul>\n<p>A l\u2019issu des workshops le chef d\u2019entreprise pourra poursuivre son action en b\u00e9n\u00e9ficiant d\u2019un accompagnement sur-mesure propos\u00e9 par la CCI Lyon M\u00e9tropole Saint-Etienne Roanne. Avec ce lancement, la CPME et la CCI veulent inscrire l\u2019IA dans une dynamique collective, accessible et ancr\u00e9e dans la r\u00e9alit\u00e9 des PME\u00a0: \u00ab\u00a0L\u2019IA Tour 42, apporte une r\u00e9ponse concr\u00e8te, sur le terrain, au service des entreprises. L\u2019IA n\u2019est pas une option r\u00e9serv\u00e9e aux grands groupes, c\u2019est une chance pour toutes les entreprises, y compris les TPE-PME.\u00a0\u00bb<\/p>\n<p><strong>Workshops accessibles gratuitement. Inscriptions sur le <a href=\"https:\/\/www.lyon-metropole.cci.fr\/\" target=\"_blank\" rel=\"noreferrer noopener nofollow\">site<\/a> de la CCI Lyon M\u00e9tropole Saint-Etienne Roanne.<\/strong><\/p>\n","protected":false},"excerpt":{"rendered":"L\u2019IA Tour 42 s\u2019adresse aux TPE et PME du d\u00e9partement pour leur permettre de faire de l\u2019IA une&hellip;\n","protected":false},"author":2,"featured_media":443443,"comment_status":"","ping_status":"","sticky":false,"template":"","format":"standard","meta":{"footnotes":""},"categories":[9653],"tags":[1111,11,2430,1777,674,1011,27,12,25,4001],"class_list":{"0":"post-443442","1":"post","2":"type-post","3":"status-publish","4":"format-standard","5":"has-post-thumbnail","7":"category-saint-etienne","8":"tag-actu","9":"tag-actualites","10":"tag-auvergne-rhone-alpes","11":"tag-eu","12":"tag-europe","13":"tag-fr","14":"tag-france","15":"tag-news","16":"tag-republique-francaise","17":"tag-saint-etienne"},"share_on_mastodon":{"url":"https:\/\/pubeurope.com\/@fr\/115328657128425254","error":""},"_links":{"self":[{"href":"https:\/\/www.europesays.com\/fr\/wp-json\/wp\/v2\/posts\/443442","targetHints":{"allow":["GET"]}}],"collection":[{"href":"https:\/\/www.europesays.com\/fr\/wp-json\/wp\/v2\/posts"}],"about":[{"href":"https:\/\/www.europesays.com\/fr\/wp-json\/wp\/v2\/types\/post"}],"author":[{"embeddable":true,"href":"https:\/\/www.europesays.com\/fr\/wp-json\/wp\/v2\/users\/2"}],"replies":[{"embeddable":true,"href":"https:\/\/www.europesays.com\/fr\/wp-json\/wp\/v2\/comments?post=443442"}],"version-history":[{"count":0,"href":"https:\/\/www.europesays.com\/fr\/wp-json\/wp\/v2\/posts\/443442\/revisions"}],"wp:featuredmedia":[{"embeddable":true,"href":"https:\/\/www.europesays.com\/fr\/wp-json\/wp\/v2\/media\/443443"}],"wp:attachment":[{"href":"https:\/\/www.europesays.com\/fr\/wp-json\/wp\/v2\/media?parent=443442"}],"wp:term":[{"taxonomy":"category","embeddable":true,"href":"https:\/\/www.europesays.com\/fr\/wp-json\/wp\/v2\/categories?post=443442"},{"taxonomy":"post_tag","embeddable":true,"href":"https:\/\/www.europesays.com\/fr\/wp-json\/wp\/v2\/tags?post=443442"}],"curies":[{"name":"wp","href":"https:\/\/api.w.org\/{rel}","templated":true}]}}