{"id":443444,"date":"2025-10-06T18:33:12","date_gmt":"2025-10-06T18:33:12","guid":{"rendered":"https:\/\/www.europesays.com\/fr\/443444\/"},"modified":"2025-10-06T18:33:12","modified_gmt":"2025-10-06T18:33:12","slug":"lasse-recrute-son-futur-referent-supporters","status":"publish","type":"post","link":"https:\/\/www.europesays.com\/fr\/443444\/","title":{"rendered":"L\u2019ASSE recrute son futur R\u00e9f\u00e9rent Supporters"},"content":{"rendered":"<p>\u00a0<\/p>\n<p><strong>L\u2019ASSE a ouvert un poste de R\u00e9f\u00e9rent Supporters (SLO \u2013 Supporter Liaison Officer), charg\u00e9 de faire le lien entre le club et ses groupes de supporters. Une fonction essentielle \u00e0 la vie du club, aujourd\u2019hui vacante.<\/strong><\/p>\n<p>L\u2019AS Saint-\u00c9tienne a r\u00e9cemment publi\u00e9 une offre d\u2019emploi pour le poste de <strong>R\u00e9f\u00e9rent Supporters<\/strong>, un r\u00f4le devenu obligatoire dans les clubs professionnels depuis plusieurs ann\u00e9es. Plac\u00e9 sous la responsabilit\u00e9 du <strong>Directeur G\u00e9n\u00e9ral Adjoint d\u00e9l\u00e9gu\u00e9 aux Activit\u00e9s Sportives<\/strong> et du <strong>Directeur S\u00fbret\u00e9 et S\u00e9curit\u00e9<\/strong>, le SLO est un <strong>interlocuteur central<\/strong> entre le club, les associations de supporters, les autorit\u00e9s et les autres clubs.<\/p>\n<p>Le R\u00e9f\u00e9rent Supporters au c\u0153ur du dialogue<\/p>\n<p>Ses missions sont multiples : assurer le <strong>dialogue permanent<\/strong> entre les supporters et la direction, <strong>faciliter la coordination<\/strong> lors des matchs \u00e0 domicile et \u00e0 l\u2019ext\u00e9rieur, <strong>pr\u00e9venir les tensions<\/strong> et contribuer \u00e0 <strong>l\u2019organisation des d\u00e9placements<\/strong>. Il intervient \u00e9galement sur des sujets li\u00e9s \u00e0 la billetterie, la s\u00e9curit\u00e9, la communication et la m\u00e9diation.<\/p>\n<p>Apr\u00e8s Ducarre, l&rsquo;ASSE recrute<\/p>\n<p>Ce poste, aujourd\u2019hui vacant, avait \u00e9t\u00e9 occup\u00e9 par <strong>Romain Ducarre<\/strong>, dont l\u2019exp\u00e9rience avait permis de poser les bases d\u2019une relation plus structur\u00e9e entre le club et ses groupes de supporters. Dans une interview accord\u00e9e il y a quelques ann\u00e9es au Progr\u00e8s, l\u2019ancien SLO expliquait : \u00ab Le r\u00e9f\u00e9rent est un trait d\u2019union. Il dialogue, anticipe les situations et accompagne les projets men\u00e9s par les fans tout au long de l\u2019ann\u00e9e. \u00bb<\/p>\n<p>L\u2019ASSE souhaite aujourd\u2019hui <strong>professionnaliser et p\u00e9renniser<\/strong> ce r\u00f4le, dans la continuit\u00e9 des pratiques d\u00e9j\u00e0 en place dans la plupart des clubs de Ligue 1 et de Ligue 2. Le futur R\u00e9f\u00e9rent Supporters aura pour mission de maintenir ce lien historique entre le club et son public, au c\u0153ur de l\u2019identit\u00e9 st\u00e9phanoise. Aujourd&rsquo;hui, les candidatures sont clauses. Il faudra attendre les prochaines semaines pour connaitre le prochain R\u00e9f\u00e9rent Supporters de l&rsquo;ASSE.<\/p>\n<p>Source : <a href=\"https:\/\/www.linkedin.com\/jobs\/view\/4307547081\/?refId=pH40lhPgRbe9AsgEvRRUFw%3D%3D&amp;trackingId=pH40lhPgRbe9AsgEvRRUFw%3D%3D\" rel=\"nofollow noopener\" target=\"_blank\">AS Saint-\u00c9tienne<\/a> \/ Le Progr\u00e8s<\/p>\n<p><a href=\"https:\/\/www.footcenter.fr\/fr\/maillots\/saint_etienne.html?utm_source=peuplevert&amp;utm_medium=affiliate&amp;ae=88\" rel=\"nofollow noopener\" target=\"_blank\"><img loading=\"lazy\" decoding=\"async\" class=\"aligncenter wp-image-166952 \" src=\"data:image\/svg+xml,%3Csvg%20xmlns=\" http:=\"\" alt=\"\" width=\"500\" height=\"281\" data-lazy-src=\"https:\/\/www.europesays.com\/fr\/wp-content\/uploads\/2025\/09\/PEUPLE10-maillots-ASSE-Peuple-vert-2025.webp.webp\"\/><\/a><\/p>\n","protected":false},"excerpt":{"rendered":"\u00a0 L\u2019ASSE a ouvert un poste de R\u00e9f\u00e9rent Supporters (SLO \u2013 Supporter Liaison Officer), charg\u00e9 de faire le&hellip;\n","protected":false},"author":2,"featured_media":438951,"comment_status":"","ping_status":"","sticky":false,"template":"","format":"standard","meta":{"footnotes":""},"categories":[9653],"tags":[1111,11,2430,1777,674,1011,27,12,25,4001],"class_list":{"0":"post-443444","1":"post","2":"type-post","3":"status-publish","4":"format-standard","5":"has-post-thumbnail","7":"category-saint-etienne","8":"tag-actu","9":"tag-actualites","10":"tag-auvergne-rhone-alpes","11":"tag-eu","12":"tag-europe","13":"tag-fr","14":"tag-france","15":"tag-news","16":"tag-republique-francaise","17":"tag-saint-etienne"},"share_on_mastodon":{"url":"https:\/\/pubeurope.com\/@fr\/115328660534433575","error":""},"_links":{"self":[{"href":"https:\/\/www.europesays.com\/fr\/wp-json\/wp\/v2\/posts\/443444","targetHints":{"allow":["GET"]}}],"collection":[{"href":"https:\/\/www.europesays.com\/fr\/wp-json\/wp\/v2\/posts"}],"about":[{"href":"https:\/\/www.europesays.com\/fr\/wp-json\/wp\/v2\/types\/post"}],"author":[{"embeddable":true,"href":"https:\/\/www.europesays.com\/fr\/wp-json\/wp\/v2\/users\/2"}],"replies":[{"embeddable":true,"href":"https:\/\/www.europesays.com\/fr\/wp-json\/wp\/v2\/comments?post=443444"}],"version-history":[{"count":0,"href":"https:\/\/www.europesays.com\/fr\/wp-json\/wp\/v2\/posts\/443444\/revisions"}],"wp:featuredmedia":[{"embeddable":true,"href":"https:\/\/www.europesays.com\/fr\/wp-json\/wp\/v2\/media\/438951"}],"wp:attachment":[{"href":"https:\/\/www.europesays.com\/fr\/wp-json\/wp\/v2\/media?parent=443444"}],"wp:term":[{"taxonomy":"category","embeddable":true,"href":"https:\/\/www.europesays.com\/fr\/wp-json\/wp\/v2\/categories?post=443444"},{"taxonomy":"post_tag","embeddable":true,"href":"https:\/\/www.europesays.com\/fr\/wp-json\/wp\/v2\/tags?post=443444"}],"curies":[{"name":"wp","href":"https:\/\/api.w.org\/{rel}","templated":true}]}}