{"id":443455,"date":"2025-10-06T18:39:09","date_gmt":"2025-10-06T18:39:09","guid":{"rendered":"https:\/\/www.europesays.com\/fr\/443455\/"},"modified":"2025-10-06T18:39:09","modified_gmt":"2025-10-06T18:39:09","slug":"la-sud-de-france-arena-soffre-un-record-et-une-soiree-magique-avec-le-blma","status":"publish","type":"post","link":"https:\/\/www.europesays.com\/fr\/443455\/","title":{"rendered":"la Sud de France Arena s\u2019offre un record et une soir\u00e9e magique avec le BLMA"},"content":{"rendered":"<p>            Par<br \/>\n        <strong><br \/>\n            <a href=\"https:\/\/actu.fr\/auteur\/metropoop\" title=\"Consulter tous les articles de R\u00e9daction M\u00e9tropolitain\" target=\"_blank\" rel=\"noopener\">R\u00e9daction M\u00e9tropolitain<\/a><br \/>\n        <\/strong><\/p>\n<p>        Publi\u00e9 le<\/p>\n<p>            6 oct. 2025 \u00e0 20h28        <\/p>\n<p>Il y a des soir\u00e9es o\u00f9 tout bascule. <strong>Ce dimanche 5 octobre 2025<\/strong>, la Sud de France Arena de Montpellier, \u00e0 P\u00e9rols \u00a0vibr\u00e9 comme jamais. Devant 8 234 personnes \u2013 un record pour un match du championnat f\u00e9minin fran\u00e7ais \u2013 le BLMA a fait plier Villeneuve-d\u2019Ascq, champion d\u2019Europe en titre, au terme d\u2019un combat \u00e9touffant. Les Latto-Montpelli\u00e9raines ont v\u00e9cu une soir\u00e9e renversante. Longtemps men\u00e9es, parfois domin\u00e9es, elles ont fini par faire exploser l\u2019Arena. Le public a port\u00e9 les Gazelles vers une victoire au courage<strong> (75-70)<\/strong>.<\/p>\n<p>    <a href=\"https:\/\/www.google.com\/maps\/embed?pb=!1m18!1m12!1m3!1d23114.090373704526!2d3.8535167999999995!3d43.6011008!2m3!1f0!2f0!3f0!3m2!1i1024!2i768!4f13.1!3m3!1m2!1s0x12b6a4d5fc7a3bf7%3A0x7409bb29f43e093a!2sSouth%20of%20France%20Arena!5e0!3m2!1sen!2sfr!4v1759743841061!5m2!1sen!2sfr\" title=\"Ouvrie le lien\" target=\"_blank\" rel=\"noopener\">Cliquez ici pour visualiser le contenu<\/a><\/p>\n<p>Un d\u00e9but difficile, un r\u00e9veil salvateur<\/p>\n<p class=\" wall-content\">Le d\u00e9cor \u00e9tait grandiose, mais le d\u00e9but de match inqui\u00e9tant. F\u00e9briles, parfois crisp\u00e9es, les joueuses de Val\u00e9ry Demory subissaient le rythme impos\u00e9 par les Nordistes. Les visiteuses contr\u00f4laient la raquette et profitaient des maladresses locales pour prendre le large (13-21, 10e).Impuissantes pendant dix minutes, les Gazelles ont peu \u00e0 peu repris confiance. Sous l\u2019impulsion d\u2019Angloma, auteure de 10 points en premi\u00e8re p\u00e9riode, elles ont retrouv\u00e9 leur jeu rapide et leur agressivit\u00e9 d\u00e9fensive. L\u2019\u00e9cart s\u2019est r\u00e9duit avant la pause, et Lattes-Montpellier est revenu dans le sillage de Villeneuve-d\u2019Ascq (32-35, mi-temps).<\/p>\n<p class=\" wall-content\">\n<p class=\" wall-content\">La seconde p\u00e9riode a tenu toutes ses promesses. Les deux \u00e9quipes se rendaient coup pour coup. Villeneuve-d\u2019Ascq s\u2019appuyait sur son collectif r\u00f4d\u00e9, mais le BLMA refusait de plier.<br \/>Dans les derni\u00e8res minutes, la Sud de France Arena s\u2019est embras\u00e9e. Samantha Breen, pour son premier match \u00e0 domicile, a pris ses responsabilit\u00e9s. L\u2019Am\u00e9ricaine a inscrit 15 points, dont un superbe 3\/4 \u00e0 trois points. Soutenue PAR Garance Rabot,, elle a inscrit deux paniers d\u00e9cisifs en contre-attaque (71-65 puis 73-67) qui ont scell\u00e9 le sort du match.<\/p>\n<p class=\" wall-content\">Au buzzer final, les joueuses se sont effondr\u00e9es dans les bras les unes des autres. Le public, debout, savourait le succ\u00e8s d\u2019une victoire de prestige, symbolisant la force mentale d\u2019un groupe encore en construction. <strong>Avec deux succ\u00e8s en deux matchs<\/strong> (apr\u00e8s Charleville-M\u00e9zi\u00e8res 70-71), le BLMA s\u2019installe dans le haut du classement et s\u2019offre un d\u00e9but de saison r\u00eav\u00e9.<\/p>\n<p class=\" wall-content\">Personnalisez votre actualit\u00e9 en ajoutant vos villes et m\u00e9dias en favori avec <a href=\"https:\/\/moncompte.actu.fr\" title=\"D\u00e9couvez Mon Actu\" rel=\"nofollow noopener\" data-trk=\"{&quot;cta&quot;:{&quot;action&quot;:&quot;https:\\\/\\\/moncompte.actu.fr&quot;,&quot;category&quot;:&quot;mon compte&quot;,&quot;from&quot;:&quot;article footer&quot;,&quot;name&quot;:&quot;Mon actu&quot;,&quot;type&quot;:&quot;cta&quot;}}\" target=\"_blank\">Mon Actu<\/a>.<\/p>\n","protected":false},"excerpt":{"rendered":"Par R\u00e9daction M\u00e9tropolitain Publi\u00e9 le 6 oct. 2025 \u00e0 20h28 Il y a des soir\u00e9es o\u00f9 tout bascule.&hellip;\n","protected":false},"author":2,"featured_media":443456,"comment_status":"","ping_status":"","sticky":false,"template":"","format":"standard","meta":{"footnotes":""},"categories":[9599],"tags":[1111,11,1465,54105,1777,674,1011,27,2208,12,2680,25,517,60],"class_list":{"0":"post-443455","1":"post","2":"type-post","3":"status-publish","4":"format-standard","5":"has-post-thumbnail","7":"category-montpellier","8":"tag-actu","9":"tag-actualites","10":"tag-basket","11":"tag-blma","12":"tag-eu","13":"tag-europe","14":"tag-fr","15":"tag-france","16":"tag-montpellier","17":"tag-news","18":"tag-occitanie","19":"tag-republique-francaise","20":"tag-sport","21":"tag-sports"},"share_on_mastodon":{"url":"https:\/\/pubeurope.com\/@fr\/115328684128478153","error":""},"_links":{"self":[{"href":"https:\/\/www.europesays.com\/fr\/wp-json\/wp\/v2\/posts\/443455","targetHints":{"allow":["GET"]}}],"collection":[{"href":"https:\/\/www.europesays.com\/fr\/wp-json\/wp\/v2\/posts"}],"about":[{"href":"https:\/\/www.europesays.com\/fr\/wp-json\/wp\/v2\/types\/post"}],"author":[{"embeddable":true,"href":"https:\/\/www.europesays.com\/fr\/wp-json\/wp\/v2\/users\/2"}],"replies":[{"embeddable":true,"href":"https:\/\/www.europesays.com\/fr\/wp-json\/wp\/v2\/comments?post=443455"}],"version-history":[{"count":0,"href":"https:\/\/www.europesays.com\/fr\/wp-json\/wp\/v2\/posts\/443455\/revisions"}],"wp:featuredmedia":[{"embeddable":true,"href":"https:\/\/www.europesays.com\/fr\/wp-json\/wp\/v2\/media\/443456"}],"wp:attachment":[{"href":"https:\/\/www.europesays.com\/fr\/wp-json\/wp\/v2\/media?parent=443455"}],"wp:term":[{"taxonomy":"category","embeddable":true,"href":"https:\/\/www.europesays.com\/fr\/wp-json\/wp\/v2\/categories?post=443455"},{"taxonomy":"post_tag","embeddable":true,"href":"https:\/\/www.europesays.com\/fr\/wp-json\/wp\/v2\/tags?post=443455"}],"curies":[{"name":"wp","href":"https:\/\/api.w.org\/{rel}","templated":true}]}}