{"id":443457,"date":"2025-10-06T18:40:24","date_gmt":"2025-10-06T18:40:24","guid":{"rendered":"https:\/\/www.europesays.com\/fr\/443457\/"},"modified":"2025-10-06T18:40:24","modified_gmt":"2025-10-06T18:40:24","slug":"la-culture-a-lurn-en-octobre","status":"publish","type":"post","link":"https:\/\/www.europesays.com\/fr\/443457\/","title":{"rendered":"La culture \u00e0 l&rsquo;URN en octobre"},"content":{"rendered":"<p>            Conf\u00e9rence-spectacle \u2013 Vague mais pr\u00e9cise, un impromptu scientifique du Groupe N+1<\/p>\n<p style=\"text-align: left;\"><img loading=\"lazy\" decoding=\"async\" class=\"wp-image-28057 size-full alignleft lazyload\" src=\"https:\/\/www.europesays.com\/fr\/wp-content\/uploads\/2025\/10\/Vague-mais-precise.png\" alt=\"\" width=\"300\" height=\"300\"  data- style=\"--smush-placeholder-width: 300px; --smush-placeholder-aspect-ratio: 300\/300;\"\/><\/p>\n<p>Les Impromptus scientifiques sont des conf\u00e9rences th\u00e9\u00e2tralis\u00e9es qui mettent en sc\u00e8ne un chercheur, dont les travaux s\u00e9rieux sont joyeusement d\u00e9r\u00e9gl\u00e9s par le Groupe N+1, de la Coop\u00e9rative Les Ateliers du spectacle.<\/p>\n<p>Quelque chose tangue !<br \/>Comme une urgence \u00e0 la fois inexorable et peut-\u00eatre trop impr\u00e9cise.<br \/>Une plong\u00e9e \u00e0 l\u2019int\u00e9rieur m\u00eame du motif de la vague pour comprendre comment elle se propage physiquement et aussi de fa\u00e7on sensible<br \/>Jusque dans nos songes\u00a0berc\u00e9s par le roulis de l\u2019oc\u00e9an ou le son d\u2019une lointaine m\u00e9t\u00e9o marine.<br \/>Comprendre, comment la m\u00e9canique peut-elle \u00eatre fluide ?<br \/>Le principe de la houle, de la d\u00e9ferlante, de la vague sc\u00e9l\u00e9rate\u2026<br \/>Ou comment faire surgir des vagues sans mer,<br \/>Dans un espace invent\u00e9, r\u00e9gi par des lois invisibles<br \/>Avec les temp\u00e9ratures qui montent, et le niveau des oc\u00e9ans qui suit,<br \/>Comment se pr\u00e9parer \u00e0 l\u2019arriv\u00e9e de la grande vague ?<br \/>Un impromptu scientifique submersif n\u00e9 de la rencontre entre Balthazar Daninos et C\u00e9line Diez, membres du groupe N+1, et Julien R\u00e9veillon, Professeur \u00c9nergies et fluides, en lien avec la simulation num\u00e9rique des vagues, laboratoire CORIA \u2013 Universit\u00e9 de Rouen Normandie.<\/p>\n<p style=\"text-align: right;\"><strong>Mardi 14 octobre \u2013 12 h 30 et 20 h<\/strong><br \/>Maison de l\u2019Universit\u00e9, MSA<br \/>Dur\u00e9e estim\u00e9e\u00a0: 1 h<br \/>12 h 30 \u2013 Entr\u00e9e gratuite sur r\u00e9servation<br \/>20 h \u2013 5 \u20ac \u2013 Carte Culture accept\u00e9e<br \/>Jauge limit\u00e9e, r\u00e9servation conseill\u00e9e au 02 32 76 93 01\u00a0 ou par mail : spectacle.culture@univ-rouen.fr<\/p>\n","protected":false},"excerpt":{"rendered":"Conf\u00e9rence-spectacle \u2013 Vague mais pr\u00e9cise, un impromptu scientifique du Groupe N+1 Les Impromptus scientifiques sont des conf\u00e9rences th\u00e9\u00e2tralis\u00e9es&hellip;\n","protected":false},"author":2,"featured_media":443458,"comment_status":"","ping_status":"","sticky":false,"template":"","format":"standard","meta":{"footnotes":""},"categories":[9587],"tags":[1111,11,1777,674,1011,27,12,5161,25,9590],"class_list":{"0":"post-443457","1":"post","2":"type-post","3":"status-publish","4":"format-standard","5":"has-post-thumbnail","7":"category-rouen","8":"tag-actu","9":"tag-actualites","10":"tag-eu","11":"tag-europe","12":"tag-fr","13":"tag-france","14":"tag-news","15":"tag-normandie","16":"tag-republique-francaise","17":"tag-rouen"},"share_on_mastodon":{"url":"https:\/\/pubeurope.com\/@fr\/115328688589951948","error":""},"_links":{"self":[{"href":"https:\/\/www.europesays.com\/fr\/wp-json\/wp\/v2\/posts\/443457","targetHints":{"allow":["GET"]}}],"collection":[{"href":"https:\/\/www.europesays.com\/fr\/wp-json\/wp\/v2\/posts"}],"about":[{"href":"https:\/\/www.europesays.com\/fr\/wp-json\/wp\/v2\/types\/post"}],"author":[{"embeddable":true,"href":"https:\/\/www.europesays.com\/fr\/wp-json\/wp\/v2\/users\/2"}],"replies":[{"embeddable":true,"href":"https:\/\/www.europesays.com\/fr\/wp-json\/wp\/v2\/comments?post=443457"}],"version-history":[{"count":0,"href":"https:\/\/www.europesays.com\/fr\/wp-json\/wp\/v2\/posts\/443457\/revisions"}],"wp:featuredmedia":[{"embeddable":true,"href":"https:\/\/www.europesays.com\/fr\/wp-json\/wp\/v2\/media\/443458"}],"wp:attachment":[{"href":"https:\/\/www.europesays.com\/fr\/wp-json\/wp\/v2\/media?parent=443457"}],"wp:term":[{"taxonomy":"category","embeddable":true,"href":"https:\/\/www.europesays.com\/fr\/wp-json\/wp\/v2\/categories?post=443457"},{"taxonomy":"post_tag","embeddable":true,"href":"https:\/\/www.europesays.com\/fr\/wp-json\/wp\/v2\/tags?post=443457"}],"curies":[{"name":"wp","href":"https:\/\/api.w.org\/{rel}","templated":true}]}}