{"id":443459,"date":"2025-10-06T18:41:11","date_gmt":"2025-10-06T18:41:11","guid":{"rendered":"https:\/\/www.europesays.com\/fr\/443459\/"},"modified":"2025-10-06T18:41:11","modified_gmt":"2025-10-06T18:41:11","slug":"ce-quon-avait-aime-lan-passe","status":"publish","type":"post","link":"https:\/\/www.europesays.com\/fr\/443459\/","title":{"rendered":"ce qu&rsquo;on avait aim\u00e9 l&rsquo;an pass\u00e9"},"content":{"rendered":"<p>            Par<br \/>\n        <strong><br \/>\n            <a href=\"https:\/\/actu.fr\/auteur\/yann-rivallan\" title=\"Consulter tous les articles de Yann Rivallan\" target=\"_blank\" rel=\"noopener\">Yann Rivallan<\/a><br \/>\n        <\/strong><\/p>\n<p>        Publi\u00e9 le<\/p>\n<p>            6 oct. 2025 \u00e0 20h08        <\/p>\n<p>Le <a href=\"https:\/\/actu.fr\/tag\/kindarena\" target=\"_blank\" rel=\"noopener\">Kindarena<\/a> de <strong>Rouen<\/strong> va de nouveau vibrer au rythme des <strong>combattants de MMA<\/strong>. Apr\u00e8s un passage remarqu\u00e9 <a href=\"https:\/\/actu.fr\/normandie\/rouen_76540\/le-mma-installe-son-octogone-au-kindarena-de-rouen-ce-vendredi_61928946.html\" target=\"_blank\" rel=\"noopener\">l\u2019an pass\u00e9<\/a>, l\u2019AEC, organisation fond\u00e9e \u00e0 Rennes en 2022, revient dans la capitale normande pour un \u00e9v\u00e9nement le 29 novembre 2025. Au programme de cette nouvelle soir\u00e9e, <strong>11 combats<\/strong> et une mise \u00e0 l\u2019honneur de sportifs locaux. L\u2019occasion de revenir sur ce qu\u2019on a aim\u00e9 lors de l\u2019\u00e9dition de 2024.<\/p>\n<p>Le MMA, pas juste un sport de combat<\/p>\n<p class=\" wall-content\">Le <strong>MMA (ou arts martiaux mixtes)<\/strong>, ce n\u2019est pas juste un sport de combat. Il s\u2019agit d\u2019une discipline qui regroupe \u00e0 peu pr\u00e8s tout ce qui existe. Dans le MMA, on peut utiliser, par exemple, des techniques de muay-tha\u00ef, de jiu-jitsu br\u00e9silien, de boxe ou encore de lutte.<\/p>\n<p class=\" wall-content\">En bref, tout est permis (ou presque) quand on le pratique. Ce qui fait que chaque combat peut \u00eatre bien diff\u00e9rent, en fonction des sp\u00e9cialit\u00e9s de chacun.<\/p>\n<p>Des combattants locaux \u00e0 l\u2019honneur<\/p>\n<p class=\" wall-content\">En 2024, l\u2019AEC num\u00e9ro 10 \u00e0 Rouen avait r\u00e9serv\u00e9 son lot de surprises. D\u2019abord, de nombreux combattants (amateurs et professionnels) de Normandie avaient pu prendre part \u00e0 cet \u00e9v\u00e9nement. C\u2019est aussi \u00e7a la force de cette organisation qui multiplie les \u00e9v\u00e9nements \u00e0 travers la France\u2009: <strong>mettre \u00e0 l\u2019honneur les locaux<\/strong>.<\/p>\n<p class=\" wall-content\">Lors de l\u2019AEC num\u00e9ro\u00a016, le 29\u00a0novembre prochain, des Normands vont \u00e0 nouveau entrer dans l\u2019octogone. <strong>Le Caennais Anzor Baybatyrov<\/strong>, qui s\u2019\u00e9tait d\u00e9j\u00e0 impos\u00e9 l\u2019an pass\u00e9 \u00e0 Rouen, revient cette fois en co-main event, c\u2019est-\u00e0-dire le deuxi\u00e8me plus gros combat de la soir\u00e9e.<\/p>\n<p class=\" wall-content\">C\u00f4t\u00e9 professionnel, c\u2019est aussi <strong>Magomed Nazurov<\/strong>, combattant tch\u00e9tch\u00e8ne install\u00e9 \u00e0 Rouen depuis quelques mois, qui tentera de s\u2019imposer devant son public. \u00c0 seulement 20\u00a0ans, il est l\u2019un des \u00ab\u2009plus gros prospect europ\u00e9ens\u2009\u00bb, selon les organisateurs. Et il affiche d\u00e9j\u00e0 un solide bilan de 4 victoires pour une d\u00e9faite en carri\u00e8re.<\/p>\n<p>Ils veulent remplir le Kindarena<\/p>\n<p class=\" wall-content\">Ce qu\u2019on avait aim\u00e9 aussi l\u2019an pass\u00e9, <strong>c\u2019est l\u2019ambiance<\/strong>. L\u2019AEC n\u2019a pas pour pr\u00e9tention de concurrencer les shows \u00e0 l\u2019am\u00e9ricaine de l\u2019UFC, la plus grande ligue de MMA au monde. Mais la soir\u00e9e au Kindarena a \u00e9t\u00e9 r\u00e9ussie, avec une belle affluence de 3\u2009200\u00a0personnes.<\/p>\n<p>Votre r\u00e9gion, votre actu !<\/p>\n<p>Recevez chaque jour les infos qui comptent pour vous.<\/p>\n<p>\t<a href=\"https:\/\/actu.fr\/newsletter\" class=\"ac-btn ac-btn--corner ac-btn--medium ac-btn--blue800\" target=\"_blank\" rel=\"noopener\">S&rsquo;incrire<\/a><\/p>\n<p>    <img   decoding=\"async\" loading=\"lazy\" src=\"https:\/\/www.europesays.com\/fr\/wp-content\/uploads\/2025\/10\/cage-mma-octogone-kindarena-rouen-960x640.jpg\" alt=\"Pour cette nouvelle \u00e9dition \u00e0 Rouen, les organisateurs esp\u00e8rent rassembler un large public autour de l'octogone.\" width=\"960\" height=\"640\"\/><br \/>\n    Pour cette nouvelle \u00e9dition \u00e0 Rouen, les organisateurs esp\u00e8rent rassembler un large public autour de l\u2019octogone. (\u00a9YR\/76actu)<\/p>\n<p class=\" wall-content\">Pour cette nouvelle \u00e9dition, les organisateurs esp\u00e8rent faire encore mieux. Ils comptent \u00ab\u2009remplir la capacit\u00e9 de l\u2019ann\u00e9e derni\u00e8re et envisagent <strong>d\u2019ouvrir la salle \u00e0 360\u00b0\u00bb<\/strong>. L\u2019objectif est clair\u2009: faire salle comble.<\/p>\n<p><strong>Infos pratiques<\/strong><br \/>\nAEC 16, au Kindarena de Rouen le samedi 29\u00a0novembre 2025. Ouverture des portes \u00e0 17h30, d\u00e9but des combats \u00e0 18h30, carte principale 20h30. Pour acc\u00e9der \u00e0 la billetterie, <a href=\"https:\/\/carreor.trium.fr\/fr\/t\/-\/event\/58386\" target=\"_blank\" rel=\"noopener\">cliquez ici<\/a>. Retransmission en direct sur la cha\u00eene Twitch RMC Sport puis RMC Sport 1.Suivez l\u2019actualit\u00e9 de Rouen sur <a href=\"https:\/\/www.whatsapp.com\/channel\/0029VaKfnf99hXF2ddApFB1D\" target=\"_blank\" rel=\"noopener\">notre cha\u00eene WhatsApp<\/a> et sur <a href=\"https:\/\/www.tiktok.com\/@76actu.fr?lang=fr\" target=\"_blank\" rel=\"noopener\">notre compte TikTok<\/a><\/p>\n<p class=\" wall-content\">Personnalisez votre actualit\u00e9 en ajoutant vos villes et m\u00e9dias en favori avec <a href=\"https:\/\/moncompte.actu.fr\" title=\"D\u00e9couvez Mon Actu\" rel=\"nofollow noopener\" data-trk=\"{&quot;cta&quot;:{&quot;action&quot;:&quot;https:\\\/\\\/moncompte.actu.fr&quot;,&quot;category&quot;:&quot;mon compte&quot;,&quot;from&quot;:&quot;article footer&quot;,&quot;name&quot;:&quot;Mon actu&quot;,&quot;type&quot;:&quot;cta&quot;}}\" target=\"_blank\">Mon Actu<\/a>.<\/p>\n<p>                    <script async src=\"\/\/www.tiktok.com\/embed.js\"><\/script><\/p>\n","protected":false},"excerpt":{"rendered":"Par Yann Rivallan Publi\u00e9 le 6 oct. 2025 \u00e0 20h08 Le Kindarena de Rouen va de nouveau vibrer&hellip;\n","protected":false},"author":2,"featured_media":443460,"comment_status":"","ping_status":"","sticky":false,"template":"","format":"standard","meta":{"footnotes":""},"categories":[9587],"tags":[1111,11,1777,674,1011,27,34987,1847,12,5161,25,9590,60],"class_list":{"0":"post-443459","1":"post","2":"type-post","3":"status-publish","4":"format-standard","5":"has-post-thumbnail","7":"category-rouen","8":"tag-actu","9":"tag-actualites","10":"tag-eu","11":"tag-europe","12":"tag-fr","13":"tag-france","14":"tag-kindarena","15":"tag-mma","16":"tag-news","17":"tag-normandie","18":"tag-republique-francaise","19":"tag-rouen","20":"tag-sports"},"share_on_mastodon":{"url":"https:\/\/pubeurope.com\/@fr\/115328692051550602","error":""},"_links":{"self":[{"href":"https:\/\/www.europesays.com\/fr\/wp-json\/wp\/v2\/posts\/443459","targetHints":{"allow":["GET"]}}],"collection":[{"href":"https:\/\/www.europesays.com\/fr\/wp-json\/wp\/v2\/posts"}],"about":[{"href":"https:\/\/www.europesays.com\/fr\/wp-json\/wp\/v2\/types\/post"}],"author":[{"embeddable":true,"href":"https:\/\/www.europesays.com\/fr\/wp-json\/wp\/v2\/users\/2"}],"replies":[{"embeddable":true,"href":"https:\/\/www.europesays.com\/fr\/wp-json\/wp\/v2\/comments?post=443459"}],"version-history":[{"count":0,"href":"https:\/\/www.europesays.com\/fr\/wp-json\/wp\/v2\/posts\/443459\/revisions"}],"wp:featuredmedia":[{"embeddable":true,"href":"https:\/\/www.europesays.com\/fr\/wp-json\/wp\/v2\/media\/443460"}],"wp:attachment":[{"href":"https:\/\/www.europesays.com\/fr\/wp-json\/wp\/v2\/media?parent=443459"}],"wp:term":[{"taxonomy":"category","embeddable":true,"href":"https:\/\/www.europesays.com\/fr\/wp-json\/wp\/v2\/categories?post=443459"},{"taxonomy":"post_tag","embeddable":true,"href":"https:\/\/www.europesays.com\/fr\/wp-json\/wp\/v2\/tags?post=443459"}],"curies":[{"name":"wp","href":"https:\/\/api.w.org\/{rel}","templated":true}]}}