{"id":443461,"date":"2025-10-06T18:42:12","date_gmt":"2025-10-06T18:42:12","guid":{"rendered":"https:\/\/www.europesays.com\/fr\/443461\/"},"modified":"2025-10-06T18:42:12","modified_gmt":"2025-10-06T18:42:12","slug":"grenoble-les-bulles-a-larret-les-pompiers-realisent-un-impressionnant-exercice-de-secours","status":"publish","type":"post","link":"https:\/\/www.europesays.com\/fr\/443461\/","title":{"rendered":"Grenoble. Les bulles \u00e0 l\u2019arr\u00eat, les pompiers r\u00e9alisent un impressionnant exercice de secours"},"content":{"rendered":"<p>Les quais de Grenoble \u00e9taient baign\u00e9s de soleil ce lundi apr\u00e8s-midi. Coureurs, cyclistes et badauds ont pu profiter du beau temps et des temp\u00e9ratures plut\u00f4t douces mais aussi d\u2019un spectacle peu habituel.<\/p>\n<p>\u00c0 une dizaine de m\u00e8tres de haut, des hommes se balan\u00e7aient sur les bulles \u00e0 l\u2019arr\u00eat. La raison\u00a0? Les sapeurs pompiers du Grimp (Groupe d\u2019intervention en milieu p\u00e9rilleux) s\u2019exer\u00e7aient \u00e0 \u00e9vacuer des personnes en cas de panne.<\/p>\n","protected":false},"excerpt":{"rendered":"Les quais de Grenoble \u00e9taient baign\u00e9s de soleil ce lundi apr\u00e8s-midi. Coureurs, cyclistes et badauds ont pu profiter&hellip;\n","protected":false},"author":2,"featured_media":443462,"comment_status":"","ping_status":"","sticky":false,"template":"","format":"standard","meta":{"footnotes":""},"categories":[9566],"tags":[1111,11,2430,112,1777,674,1011,27,2731,2732,12,25,104],"class_list":{"0":"post-443461","1":"post","2":"type-post","3":"status-publish","4":"format-standard","5":"has-post-thumbnail","7":"category-grenoble","8":"tag-actu","9":"tag-actualites","10":"tag-auvergne-rhone-alpes","11":"tag-edition-grenoble-agglomeration","12":"tag-eu","13":"tag-europe","14":"tag-fr","15":"tag-france","16":"tag-grenoble","17":"tag-grenoble-bassin","18":"tag-news","19":"tag-republique-francaise","20":"tag-societe"},"share_on_mastodon":{"url":"https:\/\/pubeurope.com\/@fr\/115328695934167611","error":""},"_links":{"self":[{"href":"https:\/\/www.europesays.com\/fr\/wp-json\/wp\/v2\/posts\/443461","targetHints":{"allow":["GET"]}}],"collection":[{"href":"https:\/\/www.europesays.com\/fr\/wp-json\/wp\/v2\/posts"}],"about":[{"href":"https:\/\/www.europesays.com\/fr\/wp-json\/wp\/v2\/types\/post"}],"author":[{"embeddable":true,"href":"https:\/\/www.europesays.com\/fr\/wp-json\/wp\/v2\/users\/2"}],"replies":[{"embeddable":true,"href":"https:\/\/www.europesays.com\/fr\/wp-json\/wp\/v2\/comments?post=443461"}],"version-history":[{"count":0,"href":"https:\/\/www.europesays.com\/fr\/wp-json\/wp\/v2\/posts\/443461\/revisions"}],"wp:featuredmedia":[{"embeddable":true,"href":"https:\/\/www.europesays.com\/fr\/wp-json\/wp\/v2\/media\/443462"}],"wp:attachment":[{"href":"https:\/\/www.europesays.com\/fr\/wp-json\/wp\/v2\/media?parent=443461"}],"wp:term":[{"taxonomy":"category","embeddable":true,"href":"https:\/\/www.europesays.com\/fr\/wp-json\/wp\/v2\/categories?post=443461"},{"taxonomy":"post_tag","embeddable":true,"href":"https:\/\/www.europesays.com\/fr\/wp-json\/wp\/v2\/tags?post=443461"}],"curies":[{"name":"wp","href":"https:\/\/api.w.org\/{rel}","templated":true}]}}